{"id":138961,"date":"2019-05-15T14:49:20","date_gmt":"2019-05-15T19:49:20","guid":{"rendered":"http:\/\/vertienteglobal.com\/?p=138961"},"modified":"2019-05-16T00:50:34","modified_gmt":"2019-05-16T05:50:34","slug":"dia-del-trabajador-y-la-trabajadora-agricola","status":"publish","type":"post","link":"http:\/\/vertienteglobal.com\/?p=138961","title":{"rendered":"D\u00eda del trabajador y la trabajadora agr\u00edcola"},"content":{"rendered":"\n<div class=\"twitterbutton\" style=\"float: right; padding-left: 5px;\"><a href=\"http:\/\/twitter.com\/share\" class=\"twitter-share-button\" data-count=\"horizontal\" data-text=\"D\u00eda del trabajador y la trabajadora agr\u00edcola\" data-via=\"https:\/\/twitter.com\/VertienteGloba1\" data-url=\"http:\/\/vertienteglobal.com\/?p=138961\" data-lang=\"es\" data-related=\"Informaci\u00f3n general:S\u00edguenos para que est\u00e9ss informado\"><\/a><\/div>\n<figure class=\"wp-block-image\"><img loading=\"lazy\" decoding=\"async\" width=\"600\" height=\"326\" src=\"http:\/\/vertienteglobal.com\/wp-content\/uploads\/2019\/05\/Dia-del-trabajador.jpg\" alt=\"\" class=\"wp-image-138962\" srcset=\"http:\/\/vertienteglobal.com\/wp-content\/uploads\/2019\/05\/Dia-del-trabajador.jpg 600w, http:\/\/vertienteglobal.com\/wp-content\/uploads\/2019\/05\/Dia-del-trabajador-150x82.jpg 150w, http:\/\/vertienteglobal.com\/wp-content\/uploads\/2019\/05\/Dia-del-trabajador-300x163.jpg 300w\" sizes=\"auto, (max-width: 600px) 100vw, 600px\" \/><\/figure>\n\n\n\n<p> [Redacci\u00f3n]<br> En el marco de esta celebraci\u00f3n es justo reconocer que la gente dedicada a la actividad agr\u00edcola es el motor que mueve al sector m\u00e1s importante de la econom\u00eda de nuestro pa\u00eds, ellos, alimentan a M\u00e9xico<br> Productor de limones La labor de los trabajadores agr\u00edcolas permite que disfrutemos de alimentos de gran calidad<br> Ciudad de M\u00e9xico.- Esta fecha, 15 de mayo es muy significativa, las celebraciones de este d\u00eda tienen mucha relaci\u00f3n, primero es el d\u00eda de San Isidro labrador, hombre que dedic\u00f3 su vida a labrar la tierra, tambi\u00e9n es la fecha en que comienza, oficialmente, la temporada de lluvias, fen\u00f3meno clim\u00e1tico indispensable para cultivar la tierra.<br> As\u00ed, las y los agricultores han tenido hist\u00f3ricamente la funci\u00f3n fundamental de sembrar, cultivar y cosechar la tierra, todos los d\u00edas, para que el alimento llegue a nuestras mesas. Y siempre con esfuerzo y convicci\u00f3n hacen su trabajo, no s\u00f3lo para satisfacer la necesidad alimentaria de la sociedad, sino para que hoy M\u00e9xico sea una potencia en la producci\u00f3n de alimentos.<br> Por otra parte, cabe destacar que las labores de los agricultores benefician adem\u00e1s la estabilidad econ\u00f3mica, erradicaci\u00f3n de la pobreza, conservaci\u00f3n del medio ambiente, control de plagas y enfermedades, y nutrici\u00f3n.<br> En M\u00e9xico, pr\u00e1cticamente toda la producci\u00f3n de alimentos se origina por la agricultura, cuyos productos son la base de un gran n\u00famero de actividades comerciales e industriales. Por esto se entiende que la figura del trabajador agr\u00edcola juega un papel importante y fundamental dentro del desarrollo del pa\u00eds.<br> Las mujeres y hombres que trabajan en actividades agr\u00edcolas laboran 24.6 millones de hect\u00e1reas para producir 260.3 millones de toneladas de alimento, que en muchos casos cruzar\u00e1 nuestras fronteras y deleitar\u00e1 paladares de todo el mundo.<br> Gracias al enorme esfuerzo de las y los trabajadores agr\u00edcolas, hoy nuestra Naci\u00f3n se ubica como el 11er productor de alimentos, el 11\u00b0 en producci\u00f3n de cultivos agr\u00edcolas en el mundo, y la exportaci\u00f3n de productos agroalimentarios es mayores a 30 mil millones de d\u00f3lares.<br> Hay una nueva generaci\u00f3n de mexicanas y mexicanos que cree en el campo mexicano y convencido de ello le apuestan todo a este sector, por eso y mil razones m\u00e1s les deseamos \u00a1felicidades a las y los trabajadores agr\u00edcolas!<\/p>\n","protected":false},"excerpt":{"rendered":"<p>[Redacci\u00f3n] En el marco de esta celebraci\u00f3n es justo reconocer que la gente dedicada a la actividad agr\u00edcola es el motor que mueve al sector m\u00e1s importante de la econom\u00eda de nuestro pa\u00eds, ellos, alimentan a M\u00e9xico Productor de limones La labor de los trabajadores agr\u00edcolas permite que disfrutemos de alimentos de gran calidad Ciudad [&hellip;]<\/p>\n","protected":false},"author":1,"featured_media":138962,"comment_status":"open","ping_status":"open","sticky":false,"template":"","format":"standard","meta":{"footnotes":""},"categories":[8],"tags":[],"class_list":["post-138961","post","type-post","status-publish","format-standard","has-post-thumbnail","hentry","category-pais","entry","has-media"],"jetpack_featured_media_url":"http:\/\/vertienteglobal.com\/wp-content\/uploads\/2019\/05\/Dia-del-trabajador.jpg","_links":{"self":[{"href":"http:\/\/vertienteglobal.com\/index.php?rest_route=\/wp\/v2\/posts\/138961","targetHints":{"allow":["GET"]}}],"collection":[{"href":"http:\/\/vertienteglobal.com\/index.php?rest_route=\/wp\/v2\/posts"}],"about":[{"href":"http:\/\/vertienteglobal.com\/index.php?rest_route=\/wp\/v2\/types\/post"}],"author":[{"embeddable":true,"href":"http:\/\/vertienteglobal.com\/index.php?rest_route=\/wp\/v2\/users\/1"}],"replies":[{"embeddable":true,"href":"http:\/\/vertienteglobal.com\/index.php?rest_route=%2Fwp%2Fv2%2Fcomments&post=138961"}],"version-history":[{"count":0,"href":"http:\/\/vertienteglobal.com\/index.php?rest_route=\/wp\/v2\/posts\/138961\/revisions"}],"wp:featuredmedia":[{"embeddable":true,"href":"http:\/\/vertienteglobal.com\/index.php?rest_route=\/wp\/v2\/media\/138962"}],"wp:attachment":[{"href":"http:\/\/vertienteglobal.com\/index.php?rest_route=%2Fwp%2Fv2%2Fmedia&parent=138961"}],"wp:term":[{"taxonomy":"category","embeddable":true,"href":"http:\/\/vertienteglobal.com\/index.php?rest_route=%2Fwp%2Fv2%2Fcategories&post=138961"},{"taxonomy":"post_tag","embeddable":true,"href":"http:\/\/vertienteglobal.com\/index.php?rest_route=%2Fwp%2Fv2%2Ftags&post=138961"}],"curies":[{"name":"wp","href":"https:\/\/api.w.org\/{rel}","templated":true}]}}