{"id":138955,"date":"2019-05-15T08:45:26","date_gmt":"2019-05-15T13:45:26","guid":{"rendered":"http:\/\/vertienteglobal.com\/?p=138955"},"modified":"2019-05-16T00:47:13","modified_gmt":"2019-05-16T05:47:13","slug":"felicidades-dia-del-maestro","status":"publish","type":"post","link":"http:\/\/vertienteglobal.com\/?p=138955","title":{"rendered":"Felicidades: D\u00eda del Maestro"},"content":{"rendered":"\n<div class=\"twitterbutton\" style=\"float: right; padding-left: 5px;\"><a href=\"http:\/\/twitter.com\/share\" class=\"twitter-share-button\" data-count=\"horizontal\" data-text=\"Felicidades: D\u00eda del Maestro\" data-via=\"https:\/\/twitter.com\/VertienteGloba1\" data-url=\"http:\/\/vertienteglobal.com\/?p=138955\" data-lang=\"es\" data-related=\"Informaci\u00f3n general:S\u00edguenos para que est\u00e9ss informado\"><\/a><\/div>\n<figure class=\"wp-block-image\"><img loading=\"lazy\" decoding=\"async\" width=\"600\" height=\"359\" src=\"http:\/\/vertienteglobal.com\/wp-content\/uploads\/2019\/05\/D\u00eda-del-Maestro.jpg\" alt=\"\" class=\"wp-image-138956\" srcset=\"http:\/\/vertienteglobal.com\/wp-content\/uploads\/2019\/05\/D\u00eda-del-Maestro.jpg 600w, http:\/\/vertienteglobal.com\/wp-content\/uploads\/2019\/05\/D\u00eda-del-Maestro-150x90.jpg 150w, http:\/\/vertienteglobal.com\/wp-content\/uploads\/2019\/05\/D\u00eda-del-Maestro-300x180.jpg 300w\" sizes=\"auto, (max-width: 600px) 100vw, 600px\" \/><\/figure>\n\n\n\n<p> [Redacci\u00f3n]    <br> Esta celebraci\u00f3n varia de d\u00eda seg\u00fan las naciones, pero el D\u00eda Mundial del Maestro, instituido por la UNESCO, se celebra el 5 de octubre; mientras que la Conferencia Interamericana de Educaci\u00f3n, celebrada en Panam\u00e1 en 1943<br> Ciudad de M\u00e9xico.- Hoy 15 de mayo se celebra el D\u00eda del Maestro a partir de que en 1918 se llev\u00f3 a cabo en M\u00e9xico la primera conmemoraci\u00f3n de esta fecha; el decreto fue firmado por el entonces presidente Venustiano Carranza.<br> Y es que la propuesta pretend\u00eda que se instituyera un d\u00eda en homenaje a los maestros y que fuera el 15 de mayo, fecha conmemorativa de la toma de Quer\u00e9taro, por lo que la iniciativa fue aprobada en 1917, y un a\u00f1o despu\u00e9s se celebr\u00f3 por primera vez est\u00e1 fecha.<br> Asimismo esta fecha se basa en un personaje central en la historia de la educaci\u00f3n religiosa con fue San Juan Bautista de La Salle, un sacerdote y pedagogo franc\u00e9s innovador, que consagr\u00f3 su vida a formar maestros destinados a la educaci\u00f3n de hijos de artesanos y de ni\u00f1os pobres de la \u00e9poca.<br> Por lo anterior, la celebraci\u00f3n a los maestros tambi\u00e9n se conmemora el 15 de mayo porque ese d\u00eda, pero de 1950, San Juan Bautista de La Salle fue declarado patrono especial de todos los educadores de la infancia y de la juventud y Patrono universal de los educadores por el papa P\u00edo XII.<br> Esta celebraci\u00f3n varia de d\u00eda seg\u00fan las naciones, pero el D\u00eda Mundial del Maestro, instituido por la UNESCO, se celebra el 5 de octubre; mientras que la Conferencia Interamericana de Educaci\u00f3n, celebrada en Panam\u00e1 en 1943, recomend\u00f3 celebrar el D\u00eda Panamericano del Maestro el 11 de septiembre, por el fallecimiento del educador y presidente argentino Domingo Faustino Sarmiento.<br> Es importante mencionar que los estados con mayor n\u00famero de profesores son el Estado de M\u00e9xico y el Distrito Federal, mientras que las entidades con menos maestros son Baja California Sur, Colima y Campeche.<br> En M\u00e9xico un 80 por ciento de los maestros, hombres, tienen escolaridad superior y un 72 por ciento en el caso de las maestras. En M\u00e9xico hay un 1 mill\u00f3n 800 mil maestros, de los cuales un 61.3 por ciento son mujeres.<\/p>\n","protected":false},"excerpt":{"rendered":"<p>[Redacci\u00f3n] Esta celebraci\u00f3n varia de d\u00eda seg\u00fan las naciones, pero el D\u00eda Mundial del Maestro, instituido por la UNESCO, se celebra el 5 de octubre; mientras que la Conferencia Interamericana de Educaci\u00f3n, celebrada en Panam\u00e1 en 1943 Ciudad de M\u00e9xico.- Hoy 15 de mayo se celebra el D\u00eda del Maestro a partir de que en [&hellip;]<\/p>\n","protected":false},"author":1,"featured_media":138956,"comment_status":"open","ping_status":"open","sticky":false,"template":"","format":"standard","meta":{"footnotes":""},"categories":[9,8],"tags":[],"class_list":["post-138955","post","type-post","status-publish","format-standard","has-post-thumbnail","hentry","category-educacion","category-pais","entry","has-media"],"jetpack_featured_media_url":"http:\/\/vertienteglobal.com\/wp-content\/uploads\/2019\/05\/D\u00eda-del-Maestro.jpg","_links":{"self":[{"href":"http:\/\/vertienteglobal.com\/index.php?rest_route=\/wp\/v2\/posts\/138955","targetHints":{"allow":["GET"]}}],"collection":[{"href":"http:\/\/vertienteglobal.com\/index.php?rest_route=\/wp\/v2\/posts"}],"about":[{"href":"http:\/\/vertienteglobal.com\/index.php?rest_route=\/wp\/v2\/types\/post"}],"author":[{"embeddable":true,"href":"http:\/\/vertienteglobal.com\/index.php?rest_route=\/wp\/v2\/users\/1"}],"replies":[{"embeddable":true,"href":"http:\/\/vertienteglobal.com\/index.php?rest_route=%2Fwp%2Fv2%2Fcomments&post=138955"}],"version-history":[{"count":0,"href":"http:\/\/vertienteglobal.com\/index.php?rest_route=\/wp\/v2\/posts\/138955\/revisions"}],"wp:featuredmedia":[{"embeddable":true,"href":"http:\/\/vertienteglobal.com\/index.php?rest_route=\/wp\/v2\/media\/138956"}],"wp:attachment":[{"href":"http:\/\/vertienteglobal.com\/index.php?rest_route=%2Fwp%2Fv2%2Fmedia&parent=138955"}],"wp:term":[{"taxonomy":"category","embeddable":true,"href":"http:\/\/vertienteglobal.com\/index.php?rest_route=%2Fwp%2Fv2%2Fcategories&post=138955"},{"taxonomy":"post_tag","embeddable":true,"href":"http:\/\/vertienteglobal.com\/index.php?rest_route=%2Fwp%2Fv2%2Ftags&post=138955"}],"curies":[{"name":"wp","href":"https:\/\/api.w.org\/{rel}","templated":true}]}}