{"id":138946,"date":"2019-05-14T19:24:09","date_gmt":"2019-05-15T00:24:09","guid":{"rendered":"http:\/\/vertienteglobal.com\/?p=138946"},"modified":"2019-05-15T02:10:25","modified_gmt":"2019-05-15T07:10:25","slug":"la-tierra-atraviesa-una-poderosa-tormenta-solar","status":"publish","type":"post","link":"http:\/\/vertienteglobal.com\/?p=138946","title":{"rendered":"La tierra atraviesa una poderosa tormenta solar"},"content":{"rendered":"\n<div class=\"twitterbutton\" style=\"float: right; padding-left: 5px;\"><a href=\"http:\/\/twitter.com\/share\" class=\"twitter-share-button\" data-count=\"horizontal\" data-text=\"La tierra atraviesa una poderosa tormenta solar\" data-via=\"https:\/\/twitter.com\/VertienteGloba1\" data-url=\"http:\/\/vertienteglobal.com\/?p=138946\" data-lang=\"es\" data-related=\"Informaci\u00f3n general:S\u00edguenos para que est\u00e9ss informado\"><\/a><\/div>\n<figure class=\"wp-block-image\"><img loading=\"lazy\" decoding=\"async\" width=\"600\" height=\"387\" src=\"http:\/\/vertienteglobal.com\/wp-content\/uploads\/2019\/05\/tormenta-solar.jpg\" alt=\"\" class=\"wp-image-138947\" srcset=\"http:\/\/vertienteglobal.com\/wp-content\/uploads\/2019\/05\/tormenta-solar.jpg 600w, http:\/\/vertienteglobal.com\/wp-content\/uploads\/2019\/05\/tormenta-solar-150x97.jpg 150w, http:\/\/vertienteglobal.com\/wp-content\/uploads\/2019\/05\/tormenta-solar-300x194.jpg 300w\" sizes=\"auto, (max-width: 600px) 100vw, 600px\" \/><\/figure>\n\n\n\n<p> [Redacci\u00f3n]<br> La intensidad de esta tormenta solar es tan poco vista que aseguran solo ocurre una parecida cada diez o veinte a\u00f1os<br> Ciudad de M\u00e9xico.- El astrof\u00edsico ruso Sergu\u00e9i Bogachov afirm\u00f3 este martes que la Tierra atraviesa una poderosa tormenta solar, una de las m\u00e1s fuertes de este a\u00f1o.<br> Mediante un comunicado de prensa, la agencia rusa RIA Novisti, afirm\u00f3 que la tormenta es de grado tres, esto dentro de una escala del uno al cinco.<br> Los expertos rusos aseguran que el punto m\u00e1s dram\u00e1tico de la tormenta solar ser\u00e1 a las 10:10GMT.<br> La intensidad de esta tormenta solar es tan poco vista que aseguran solo ocurre una parecida cada diez o veinte a\u00f1os.<br> Juan Am\u00e9rico Gonz\u00e1lez Esparza, investigador de la Universidad Nacional Aut\u00f3noma de M\u00e9xico destac\u00f3 que las tormentas solares son eventos normales. Ejemplific\u00f3: si fuera un hurac\u00e1n, \u00e9stas ser\u00eda de categor\u00eda uno.<br> El f\u00edsico espacial agreg\u00f3 que este fen\u00f3meno se da cada 27 d\u00edas, tiempo que tarda el \u201castro rey\u201d en dar una vuelta alrededor de su eje, as\u00ed es posible observar, de manera anticipada, con una nave espacial los acontecimientos en la otra cara del Sol y predecir los vientos solares.<br> Este tipo de tormentas, tambi\u00e9n conocidas como \u2018electromagn\u00e9ticas\u2019 pueden ocasionar interferencias en las comunicaciones electr\u00f3nicas.<\/p>\n","protected":false},"excerpt":{"rendered":"<p>[Redacci\u00f3n] La intensidad de esta tormenta solar es tan poco vista que aseguran solo ocurre una parecida cada diez o veinte a\u00f1os Ciudad de M\u00e9xico.- El astrof\u00edsico ruso Sergu\u00e9i Bogachov afirm\u00f3 este martes que la Tierra atraviesa una poderosa tormenta solar, una de las m\u00e1s fuertes de este a\u00f1o. Mediante un comunicado de prensa, la [&hellip;]<\/p>\n","protected":false},"author":1,"featured_media":138947,"comment_status":"open","ping_status":"open","sticky":false,"template":"","format":"standard","meta":{"footnotes":""},"categories":[8],"tags":[],"class_list":["post-138946","post","type-post","status-publish","format-standard","has-post-thumbnail","hentry","category-pais","entry","has-media"],"jetpack_featured_media_url":"http:\/\/vertienteglobal.com\/wp-content\/uploads\/2019\/05\/tormenta-solar.jpg","_links":{"self":[{"href":"http:\/\/vertienteglobal.com\/index.php?rest_route=\/wp\/v2\/posts\/138946","targetHints":{"allow":["GET"]}}],"collection":[{"href":"http:\/\/vertienteglobal.com\/index.php?rest_route=\/wp\/v2\/posts"}],"about":[{"href":"http:\/\/vertienteglobal.com\/index.php?rest_route=\/wp\/v2\/types\/post"}],"author":[{"embeddable":true,"href":"http:\/\/vertienteglobal.com\/index.php?rest_route=\/wp\/v2\/users\/1"}],"replies":[{"embeddable":true,"href":"http:\/\/vertienteglobal.com\/index.php?rest_route=%2Fwp%2Fv2%2Fcomments&post=138946"}],"version-history":[{"count":0,"href":"http:\/\/vertienteglobal.com\/index.php?rest_route=\/wp\/v2\/posts\/138946\/revisions"}],"wp:featuredmedia":[{"embeddable":true,"href":"http:\/\/vertienteglobal.com\/index.php?rest_route=\/wp\/v2\/media\/138947"}],"wp:attachment":[{"href":"http:\/\/vertienteglobal.com\/index.php?rest_route=%2Fwp%2Fv2%2Fmedia&parent=138946"}],"wp:term":[{"taxonomy":"category","embeddable":true,"href":"http:\/\/vertienteglobal.com\/index.php?rest_route=%2Fwp%2Fv2%2Fcategories&post=138946"},{"taxonomy":"post_tag","embeddable":true,"href":"http:\/\/vertienteglobal.com\/index.php?rest_route=%2Fwp%2Fv2%2Ftags&post=138946"}],"curies":[{"name":"wp","href":"https:\/\/api.w.org\/{rel}","templated":true}]}}