{"id":138922,"date":"2019-05-13T18:49:22","date_gmt":"2019-05-13T23:49:22","guid":{"rendered":"http:\/\/vertienteglobal.com\/?p=138922"},"modified":"2019-05-15T01:31:07","modified_gmt":"2019-05-15T06:31:07","slug":"programa-credito-ganadero-a-la-palabra-que-es-y-a-quien-esta-dirigido","status":"publish","type":"post","link":"http:\/\/vertienteglobal.com\/?p=138922","title":{"rendered":"Programa Cr\u00e9dito Ganadero a la Palabra \u00bfqu\u00e9 es y a qui\u00e9n est\u00e1 dirigido?"},"content":{"rendered":"\n<div class=\"twitterbutton\" style=\"float: right; padding-left: 5px;\"><a href=\"http:\/\/twitter.com\/share\" class=\"twitter-share-button\" data-count=\"horizontal\" data-text=\"Programa Cr\u00e9dito Ganadero a la Palabra \u00bfqu\u00e9 es y a qui\u00e9n est\u00e1 dirigido?\" data-via=\"https:\/\/twitter.com\/VertienteGloba1\" data-url=\"http:\/\/vertienteglobal.com\/?p=138922\" data-lang=\"es\" data-related=\"Informaci\u00f3n general:S\u00edguenos para que est\u00e9ss informado\"><\/a><\/div>\n<figure class=\"wp-block-image\"><img loading=\"lazy\" decoding=\"async\" width=\"600\" height=\"326\" src=\"http:\/\/vertienteglobal.com\/wp-content\/uploads\/2019\/05\/Ganado.jpg\" alt=\"\" class=\"wp-image-138923\" srcset=\"http:\/\/vertienteglobal.com\/wp-content\/uploads\/2019\/05\/Ganado.jpg 600w, http:\/\/vertienteglobal.com\/wp-content\/uploads\/2019\/05\/Ganado-150x82.jpg 150w, http:\/\/vertienteglobal.com\/wp-content\/uploads\/2019\/05\/Ganado-300x163.jpg 300w\" sizes=\"auto, (max-width: 600px) 100vw, 600px\" \/><\/figure>\n\n\n\n<p> [Redacci\u00f3n]<br> A continuaci\u00f3n te explicaremos de manera general, qu\u00e9 es el Programa Cr\u00e9dito Ganadero a la Palabra, cu\u00e1les son sus objetivos y a qui\u00e9nes est\u00e1 dirigido<br> Ciudad de M\u00e9xico.- El Programa Cr\u00e9dito Ganadero a la Palabra tiene como objetivo incrementar la productividad de los peque\u00f1os productores pecuarios a trav\u00e9s de la entrega de apoyos en especie y acciones de capitalizaci\u00f3n productiva integral sustentable.<br> Con el Programa Cr\u00e9dito Ganadero a la Palabra se busca incrementar tanto la disponibilidad de alimento y suplementos alimenticios para las especies pecuarias como los inventarios de bovinos, ovinos, porcinos, caprinos y abejas; apoyar a los peque\u00f1os productores pecuarios con equipamiento e infraestructura; y brindar servicios t\u00e9cnicos para los peque\u00f1os productores ganaderos.<br> A trav\u00e9s del programa se entregar\u00e1n a las y los peque\u00f1os productores especies pecuarias y \u00e9ste se compromete a pagar en especie con las primeras cr\u00edas que obtenga, cuando \u00e9stas tengan caracter\u00edsticas semejantes a las que recibi\u00f3.<br> El programa est\u00e1 orientado a apoyar a los peque\u00f1os productores pecuarios, ya sean persona f\u00edsica o moral; es de cobertura nacional, pero atender\u00e1 prioritariamente a las entidades federativas de Campeche, Chiapas, Guerrero, Jalisco, Nayarit, Michoac\u00e1n, Oaxaca, Quintana Roo, Tabasco, Tamaulipas, Veracruz, Yucat\u00e1n y Zacatecas.<\/p>\n","protected":false},"excerpt":{"rendered":"<p>[Redacci\u00f3n] A continuaci\u00f3n te explicaremos de manera general, qu\u00e9 es el Programa Cr\u00e9dito Ganadero a la Palabra, cu\u00e1les son sus objetivos y a qui\u00e9nes est\u00e1 dirigido Ciudad de M\u00e9xico.- El Programa Cr\u00e9dito Ganadero a la Palabra tiene como objetivo incrementar la productividad de los peque\u00f1os productores pecuarios a trav\u00e9s de la entrega de apoyos en [&hellip;]<\/p>\n","protected":false},"author":1,"featured_media":138923,"comment_status":"open","ping_status":"open","sticky":false,"template":"","format":"standard","meta":{"footnotes":""},"categories":[8],"tags":[],"class_list":["post-138922","post","type-post","status-publish","format-standard","has-post-thumbnail","hentry","category-pais","entry","has-media"],"jetpack_featured_media_url":"http:\/\/vertienteglobal.com\/wp-content\/uploads\/2019\/05\/Ganado.jpg","_links":{"self":[{"href":"http:\/\/vertienteglobal.com\/index.php?rest_route=\/wp\/v2\/posts\/138922","targetHints":{"allow":["GET"]}}],"collection":[{"href":"http:\/\/vertienteglobal.com\/index.php?rest_route=\/wp\/v2\/posts"}],"about":[{"href":"http:\/\/vertienteglobal.com\/index.php?rest_route=\/wp\/v2\/types\/post"}],"author":[{"embeddable":true,"href":"http:\/\/vertienteglobal.com\/index.php?rest_route=\/wp\/v2\/users\/1"}],"replies":[{"embeddable":true,"href":"http:\/\/vertienteglobal.com\/index.php?rest_route=%2Fwp%2Fv2%2Fcomments&post=138922"}],"version-history":[{"count":0,"href":"http:\/\/vertienteglobal.com\/index.php?rest_route=\/wp\/v2\/posts\/138922\/revisions"}],"wp:featuredmedia":[{"embeddable":true,"href":"http:\/\/vertienteglobal.com\/index.php?rest_route=\/wp\/v2\/media\/138923"}],"wp:attachment":[{"href":"http:\/\/vertienteglobal.com\/index.php?rest_route=%2Fwp%2Fv2%2Fmedia&parent=138922"}],"wp:term":[{"taxonomy":"category","embeddable":true,"href":"http:\/\/vertienteglobal.com\/index.php?rest_route=%2Fwp%2Fv2%2Fcategories&post=138922"},{"taxonomy":"post_tag","embeddable":true,"href":"http:\/\/vertienteglobal.com\/index.php?rest_route=%2Fwp%2Fv2%2Ftags&post=138922"}],"curies":[{"name":"wp","href":"https:\/\/api.w.org\/{rel}","templated":true}]}}