{"id":138803,"date":"2019-05-03T10:32:04","date_gmt":"2019-05-03T15:32:04","guid":{"rendered":"http:\/\/vertienteglobal.com\/?p=138803"},"modified":"2019-05-07T20:04:04","modified_gmt":"2019-05-08T01:04:04","slug":"conoce-delegacion-de-dinamarca-unidades-medicas-de-centro","status":"publish","type":"post","link":"http:\/\/vertienteglobal.com\/?p=138803","title":{"rendered":"Conoce delegaci\u00f3n de Dinamarca unidades m\u00e9dicas de Centro"},"content":{"rendered":"\n<div class=\"twitterbutton\" style=\"float: right; padding-left: 5px;\"><a href=\"http:\/\/twitter.com\/share\" class=\"twitter-share-button\" data-count=\"horizontal\" data-text=\"Conoce delegaci\u00f3n de Dinamarca unidades m\u00e9dicas de Centro\" data-via=\"https:\/\/twitter.com\/VertienteGloba1\" data-url=\"http:\/\/vertienteglobal.com\/?p=138803\" data-lang=\"es\" data-related=\"Informaci\u00f3n general:S\u00edguenos para que est\u00e9ss informado\"><\/a><\/div>\n<figure class=\"wp-block-image\"><img loading=\"lazy\" decoding=\"async\" width=\"600\" height=\"305\" src=\"http:\/\/vertienteglobal.com\/wp-content\/uploads\/2019\/05\/Salud-de-Dinamarca.jpg\" alt=\"\" class=\"wp-image-138804\" srcset=\"http:\/\/vertienteglobal.com\/wp-content\/uploads\/2019\/05\/Salud-de-Dinamarca.jpg 600w, http:\/\/vertienteglobal.com\/wp-content\/uploads\/2019\/05\/Salud-de-Dinamarca-150x76.jpg 150w, http:\/\/vertienteglobal.com\/wp-content\/uploads\/2019\/05\/Salud-de-Dinamarca-300x153.jpg 300w\" sizes=\"auto, (max-width: 600px) 100vw, 600px\" \/><\/figure>\n\n\n\n<p> [Redacci\u00f3n]<br> Los grupos de trabajo \u201cEnfermedades Cr\u00f3nicas\u201d encabezados por el doctor Alejandro Svarch, director general de Relaciones Internacionales de la Secretar\u00eda de Salud Federal, y \u201cSalud de la Mujer\u201d por la Consejera de Salud del Ministerio de Salud de Dinamarca, Anne Mette Vega<br> Villahermosa, Tabasco.- Funcionarios de la Secretar\u00eda de Salud Federal y del Ministerio de Salud de Dinamarca visitaron centros de salud, unidades de apoyo as\u00ed como hospitales de segundo y tercer nivel en el municipio de Centro, en el marco de la firma del acuerdo para el fortalecimiento del primer nivel de atenci\u00f3n en Tabasco.<br> Los grupos de trabajo \u201cEnfermedades Cr\u00f3nicas\u201d encabezados por el doctor Alejandro Svarch, director general de Relaciones Internacionales de la Secretar\u00eda de Salud Federal, y \u201cSalud de la Mujer\u201d por la Consejera de Salud del Ministerio de Salud de Dinamarca, Anne Mette Vega, iniciaron las visitas de trabajo a las unidades m\u00e9dicas.<\/p>\n","protected":false},"excerpt":{"rendered":"<p>[Redacci\u00f3n] Los grupos de trabajo \u201cEnfermedades Cr\u00f3nicas\u201d encabezados por el doctor Alejandro Svarch, director general de Relaciones Internacionales de la Secretar\u00eda de Salud Federal, y \u201cSalud de la Mujer\u201d por la Consejera de Salud del Ministerio de Salud de Dinamarca, Anne Mette Vega Villahermosa, Tabasco.- Funcionarios de la Secretar\u00eda de Salud Federal y del Ministerio [&hellip;]<\/p>\n","protected":false},"author":1,"featured_media":138804,"comment_status":"open","ping_status":"open","sticky":false,"template":"","format":"standard","meta":{"footnotes":""},"categories":[5],"tags":[],"class_list":["post-138803","post","type-post","status-publish","format-standard","has-post-thumbnail","hentry","category-tabasco","entry","has-media"],"jetpack_featured_media_url":"http:\/\/vertienteglobal.com\/wp-content\/uploads\/2019\/05\/Salud-de-Dinamarca.jpg","_links":{"self":[{"href":"http:\/\/vertienteglobal.com\/index.php?rest_route=\/wp\/v2\/posts\/138803","targetHints":{"allow":["GET"]}}],"collection":[{"href":"http:\/\/vertienteglobal.com\/index.php?rest_route=\/wp\/v2\/posts"}],"about":[{"href":"http:\/\/vertienteglobal.com\/index.php?rest_route=\/wp\/v2\/types\/post"}],"author":[{"embeddable":true,"href":"http:\/\/vertienteglobal.com\/index.php?rest_route=\/wp\/v2\/users\/1"}],"replies":[{"embeddable":true,"href":"http:\/\/vertienteglobal.com\/index.php?rest_route=%2Fwp%2Fv2%2Fcomments&post=138803"}],"version-history":[{"count":0,"href":"http:\/\/vertienteglobal.com\/index.php?rest_route=\/wp\/v2\/posts\/138803\/revisions"}],"wp:featuredmedia":[{"embeddable":true,"href":"http:\/\/vertienteglobal.com\/index.php?rest_route=\/wp\/v2\/media\/138804"}],"wp:attachment":[{"href":"http:\/\/vertienteglobal.com\/index.php?rest_route=%2Fwp%2Fv2%2Fmedia&parent=138803"}],"wp:term":[{"taxonomy":"category","embeddable":true,"href":"http:\/\/vertienteglobal.com\/index.php?rest_route=%2Fwp%2Fv2%2Fcategories&post=138803"},{"taxonomy":"post_tag","embeddable":true,"href":"http:\/\/vertienteglobal.com\/index.php?rest_route=%2Fwp%2Fv2%2Ftags&post=138803"}],"curies":[{"name":"wp","href":"https:\/\/api.w.org\/{rel}","templated":true}]}}