{"id":138680,"date":"2019-04-29T16:43:16","date_gmt":"2019-04-29T21:43:16","guid":{"rendered":"http:\/\/vertienteglobal.com\/?p=138680"},"modified":"2019-04-30T00:24:29","modified_gmt":"2019-04-30T05:24:29","slug":"el-pan-encabezara-trabajos-del-proximo-periodo-de-sesiones-en-el-congreso-de-campeche","status":"publish","type":"post","link":"http:\/\/vertienteglobal.com\/?p=138680","title":{"rendered":"El PAN encabezara trabajos del pr\u00f3ximo periodo de sesiones en el congreso de Campeche"},"content":{"rendered":"\n<div class=\"twitterbutton\" style=\"float: right; padding-left: 5px;\"><a href=\"http:\/\/twitter.com\/share\" class=\"twitter-share-button\" data-count=\"horizontal\" data-text=\"El PAN encabezara trabajos del pr\u00f3ximo periodo de sesiones en el congreso de Ca...\" data-via=\"https:\/\/twitter.com\/VertienteGloba1\" data-url=\"http:\/\/vertienteglobal.com\/?p=138680\" data-lang=\"es\" data-related=\"Informaci\u00f3n general:S\u00edguenos para que est\u00e9ss informado\"><\/a><\/div>\n<figure class=\"wp-block-image\"><img loading=\"lazy\" decoding=\"async\" width=\"600\" height=\"342\" src=\"http:\/\/vertienteglobal.com\/wp-content\/uploads\/2019\/04\/Bancada-panista-campeche.jpg\" alt=\"\" class=\"wp-image-138681\" srcset=\"http:\/\/vertienteglobal.com\/wp-content\/uploads\/2019\/04\/Bancada-panista-campeche.jpg 600w, http:\/\/vertienteglobal.com\/wp-content\/uploads\/2019\/04\/Bancada-panista-campeche-150x86.jpg 150w, http:\/\/vertienteglobal.com\/wp-content\/uploads\/2019\/04\/Bancada-panista-campeche-300x171.jpg 300w\" sizes=\"auto, (max-width: 600px) 100vw, 600px\" \/><\/figure>\n\n\n\n<p> [Redacci\u00f3n]<br> Se convoc\u00f3 al pleno para el pr\u00f3ximo mi\u00e9rcoles 1\u00ba de mayo, a las diez de la ma\u00f1ana a la apertura del Tercer Periodo Ordinario de Sesiones correspondiente al primer a\u00f1o de ejercicio constitucional de la LXIII Legislatura<br> San Francisco de Campeche, Campeche.- La LXIII Legislatura del Congreso del Estado eligi\u00f3 este d\u00eda a los integrantes de la Mesa Directiva para el tercer periodo ordinario de sesiones del primer a\u00f1o de ejercicio constitucional, que comienza el pr\u00f3ximo 1o  de mayo y concluye el 31 de julio del a\u00f1o en curso, y que presidir\u00e1 la diputada panista Mar\u00eda de los Dolores Oviedo Rodr\u00edguez.<br> Y es que con cuatro abstenciones de legisladores panistas, que de acuerdo con la Ley Org\u00e1nica del Congreso del Estado, se toman como votos a favor, lo anterior en sesi\u00f3n previa convocada por la Diputaci\u00f3n Permanente, quien condujo los trabajos y present\u00f3 al pleno, una propuesta conjunta para someter a consideraci\u00f3n de los representantes populares, sobre quienes conducir\u00e1n los trabajos parlamentarios en los pr\u00f3ximos tres meses.<br> Uno a uno, los diputados se pronunciaron a favor de la propuesta, con excepci\u00f3n de cuatro de los seis legisladores que conforman la bancada panista, quienes se \u201cabstuvieron\u201d de hacerlo a favor o en contra, voto que se tom\u00f3 a favor, como establece la Ley Org\u00e1nica de ese cuerpo colegiado, y de lo que tienen pleno conocimiento los albiazules.<br> La Mesa Directiva qued\u00f3 como sigue: presidenta, Mar\u00eda de los Dolores Oviedo Rodr\u00edguez(PAN); vicepresidentes: Eduwiges Fuentes Hern\u00e1ndez (Morena); Luis Alonso Garc\u00eda Hern\u00e1ndez (independiente).<br> Secretarios: Rigoberto Figueroa Ortiz (PRI); Teresa X\u00f3chilt Pitzahualt Mej\u00eda Ortiz (Morena); Antonio G\u00f3mez Saucedo (PT) y Jorge Jes\u00fas Ortega P\u00e9rez (PRI), quienes rindieron la protesta de Ley.<br> Previo a la clausura, se convoc\u00f3 al pleno para el pr\u00f3ximo mi\u00e9rcoles 1\u00ba de mayo, a las diez de la ma\u00f1ana a la apertura del Tercer Periodo Ordinario de Sesiones correspondiente al primer a\u00f1o de ejercicio constitucional de la LXIII Legislatura.<\/p>\n","protected":false},"excerpt":{"rendered":"<p>[Redacci\u00f3n] Se convoc\u00f3 al pleno para el pr\u00f3ximo mi\u00e9rcoles 1\u00ba de mayo, a las diez de la ma\u00f1ana a la apertura del Tercer Periodo Ordinario de Sesiones correspondiente al primer a\u00f1o de ejercicio constitucional de la LXIII Legislatura San Francisco de Campeche, Campeche.- La LXIII Legislatura del Congreso del Estado eligi\u00f3 este d\u00eda a los [&hellip;]<\/p>\n","protected":false},"author":1,"featured_media":138681,"comment_status":"open","ping_status":"open","sticky":false,"template":"","format":"standard","meta":{"footnotes":""},"categories":[4],"tags":[],"class_list":["post-138680","post","type-post","status-publish","format-standard","has-post-thumbnail","hentry","category-campeche","entry","has-media"],"jetpack_featured_media_url":"http:\/\/vertienteglobal.com\/wp-content\/uploads\/2019\/04\/Bancada-panista-campeche.jpg","_links":{"self":[{"href":"http:\/\/vertienteglobal.com\/index.php?rest_route=\/wp\/v2\/posts\/138680","targetHints":{"allow":["GET"]}}],"collection":[{"href":"http:\/\/vertienteglobal.com\/index.php?rest_route=\/wp\/v2\/posts"}],"about":[{"href":"http:\/\/vertienteglobal.com\/index.php?rest_route=\/wp\/v2\/types\/post"}],"author":[{"embeddable":true,"href":"http:\/\/vertienteglobal.com\/index.php?rest_route=\/wp\/v2\/users\/1"}],"replies":[{"embeddable":true,"href":"http:\/\/vertienteglobal.com\/index.php?rest_route=%2Fwp%2Fv2%2Fcomments&post=138680"}],"version-history":[{"count":0,"href":"http:\/\/vertienteglobal.com\/index.php?rest_route=\/wp\/v2\/posts\/138680\/revisions"}],"wp:featuredmedia":[{"embeddable":true,"href":"http:\/\/vertienteglobal.com\/index.php?rest_route=\/wp\/v2\/media\/138681"}],"wp:attachment":[{"href":"http:\/\/vertienteglobal.com\/index.php?rest_route=%2Fwp%2Fv2%2Fmedia&parent=138680"}],"wp:term":[{"taxonomy":"category","embeddable":true,"href":"http:\/\/vertienteglobal.com\/index.php?rest_route=%2Fwp%2Fv2%2Fcategories&post=138680"},{"taxonomy":"post_tag","embeddable":true,"href":"http:\/\/vertienteglobal.com\/index.php?rest_route=%2Fwp%2Fv2%2Ftags&post=138680"}],"curies":[{"name":"wp","href":"https:\/\/api.w.org\/{rel}","templated":true}]}}