{"id":138458,"date":"2019-04-24T19:48:32","date_gmt":"2019-04-25T00:48:32","guid":{"rendered":"http:\/\/vertienteglobal.com\/?p=138458"},"modified":"2019-04-27T00:39:43","modified_gmt":"2019-04-27T05:39:43","slug":"este-lunes-inicia-construccion-de-aeropuerto-en-santa-lucia-amlo","status":"publish","type":"post","link":"http:\/\/vertienteglobal.com\/?p=138458","title":{"rendered":"Este lunes inicia construcci\u00f3n de aeropuerto en Santa Lucia: AMLO"},"content":{"rendered":"\n<div class=\"twitterbutton\" style=\"float: right; padding-left: 5px;\"><a href=\"http:\/\/twitter.com\/share\" class=\"twitter-share-button\" data-count=\"horizontal\" data-text=\"Este lunes inicia construcci\u00f3n de aeropuerto en Santa Lucia: AMLO\" data-via=\"https:\/\/twitter.com\/VertienteGloba1\" data-url=\"http:\/\/vertienteglobal.com\/?p=138458\" data-lang=\"es\" data-related=\"Informaci\u00f3n general:S\u00edguenos para que est\u00e9ss informado\"><\/a><\/div>\n<figure class=\"wp-block-image\"><img loading=\"lazy\" decoding=\"async\" width=\"600\" height=\"367\" src=\"http:\/\/vertienteglobal.com\/wp-content\/uploads\/2019\/04\/amlo-aeropuerto.jpg\" alt=\"\" class=\"wp-image-138459\" srcset=\"http:\/\/vertienteglobal.com\/wp-content\/uploads\/2019\/04\/amlo-aeropuerto.jpg 600w, http:\/\/vertienteglobal.com\/wp-content\/uploads\/2019\/04\/amlo-aeropuerto-150x92.jpg 150w, http:\/\/vertienteglobal.com\/wp-content\/uploads\/2019\/04\/amlo-aeropuerto-300x184.jpg 300w\" sizes=\"auto, (max-width: 600px) 100vw, 600px\" \/><\/figure>\n\n\n\n<p> [Redacci\u00f3n] <br> Detall\u00f3 que este terreno consta de aproximadamente tres mil hect\u00e1reas, a diferencia del actual Aeropuerto Internacional Benito Ju\u00e1rez de la Ciudad de M\u00e9xico, que tiene solo 600 hect\u00e1reas<br> Ciudad de M\u00e9xico.- Ser\u00e1 el pr\u00f3ximo lunes 29 de abril cuando iniciar\u00e1 la construcci\u00f3n del nuevo aeropuerto de la Ciudad de M\u00e9xico en la Base A\u00e9rea de Santa Luc\u00eda, inform\u00f3 el presidente de M\u00e9xico, Andr\u00e9s Manuel L\u00f3pez Obrador.<br> Y es que durante la inauguraci\u00f3n de la Feria Aeroespacial M\u00e9xico 2019, detall\u00f3 que este terreno consta de aproximadamente tres mil hect\u00e1reas, a diferencia del actual Aeropuerto Internacional Benito Ju\u00e1rez de la Ciudad de M\u00e9xico, que tiene solo 600 hect\u00e1reas.<br> Acompa\u00f1ado por el secretario de la Defensa Nacional, Luis Cresencio Sandoval, record\u00f3 que de continuar con la construcci\u00f3n del aeropuerto en Texcoco se habr\u00edan tenido que cerrar tanto esta base a\u00e9rea como el aeropuerto Benito Ju\u00e1rez.<\/p>\n","protected":false},"excerpt":{"rendered":"<p>[Redacci\u00f3n] Detall\u00f3 que este terreno consta de aproximadamente tres mil hect\u00e1reas, a diferencia del actual Aeropuerto Internacional Benito Ju\u00e1rez de la Ciudad de M\u00e9xico, que tiene solo 600 hect\u00e1reas Ciudad de M\u00e9xico.- Ser\u00e1 el pr\u00f3ximo lunes 29 de abril cuando iniciar\u00e1 la construcci\u00f3n del nuevo aeropuerto de la Ciudad de M\u00e9xico en la Base A\u00e9rea [&hellip;]<\/p>\n","protected":false},"author":1,"featured_media":138459,"comment_status":"open","ping_status":"open","sticky":false,"template":"","format":"standard","meta":{"footnotes":""},"categories":[8],"tags":[],"class_list":["post-138458","post","type-post","status-publish","format-standard","has-post-thumbnail","hentry","category-pais","entry","has-media"],"jetpack_featured_media_url":"http:\/\/vertienteglobal.com\/wp-content\/uploads\/2019\/04\/amlo-aeropuerto.jpg","_links":{"self":[{"href":"http:\/\/vertienteglobal.com\/index.php?rest_route=\/wp\/v2\/posts\/138458","targetHints":{"allow":["GET"]}}],"collection":[{"href":"http:\/\/vertienteglobal.com\/index.php?rest_route=\/wp\/v2\/posts"}],"about":[{"href":"http:\/\/vertienteglobal.com\/index.php?rest_route=\/wp\/v2\/types\/post"}],"author":[{"embeddable":true,"href":"http:\/\/vertienteglobal.com\/index.php?rest_route=\/wp\/v2\/users\/1"}],"replies":[{"embeddable":true,"href":"http:\/\/vertienteglobal.com\/index.php?rest_route=%2Fwp%2Fv2%2Fcomments&post=138458"}],"version-history":[{"count":0,"href":"http:\/\/vertienteglobal.com\/index.php?rest_route=\/wp\/v2\/posts\/138458\/revisions"}],"wp:featuredmedia":[{"embeddable":true,"href":"http:\/\/vertienteglobal.com\/index.php?rest_route=\/wp\/v2\/media\/138459"}],"wp:attachment":[{"href":"http:\/\/vertienteglobal.com\/index.php?rest_route=%2Fwp%2Fv2%2Fmedia&parent=138458"}],"wp:term":[{"taxonomy":"category","embeddable":true,"href":"http:\/\/vertienteglobal.com\/index.php?rest_route=%2Fwp%2Fv2%2Fcategories&post=138458"},{"taxonomy":"post_tag","embeddable":true,"href":"http:\/\/vertienteglobal.com\/index.php?rest_route=%2Fwp%2Fv2%2Ftags&post=138458"}],"curies":[{"name":"wp","href":"https:\/\/api.w.org\/{rel}","templated":true}]}}