{"id":138345,"date":"2019-04-22T18:47:58","date_gmt":"2019-04-22T23:47:58","guid":{"rendered":"http:\/\/vertienteglobal.com\/?p=138345"},"modified":"2019-04-22T19:19:25","modified_gmt":"2019-04-23T00:19:25","slug":"tiembla-en-veracruz-2","status":"publish","type":"post","link":"http:\/\/vertienteglobal.com\/?p=138345","title":{"rendered":"Tiembla en Veracruz"},"content":{"rendered":"\n<div class=\"twitterbutton\" style=\"float: right; padding-left: 5px;\"><a href=\"http:\/\/twitter.com\/share\" class=\"twitter-share-button\" data-count=\"horizontal\" data-text=\"Tiembla en Veracruz\" data-via=\"https:\/\/twitter.com\/VertienteGloba1\" data-url=\"http:\/\/vertienteglobal.com\/?p=138345\" data-lang=\"es\" data-related=\"Informaci\u00f3n general:S\u00edguenos para que est\u00e9ss informado\"><\/a><\/div>\n<figure class=\"wp-block-image\"><img loading=\"lazy\" decoding=\"async\" width=\"600\" height=\"332\" src=\"http:\/\/vertienteglobal.com\/wp-content\/uploads\/2019\/04\/Sismo-en-Veracruz.jpg\" alt=\"\" class=\"wp-image-138346\" srcset=\"http:\/\/vertienteglobal.com\/wp-content\/uploads\/2019\/04\/Sismo-en-Veracruz.jpg 600w, http:\/\/vertienteglobal.com\/wp-content\/uploads\/2019\/04\/Sismo-en-Veracruz-150x83.jpg 150w, http:\/\/vertienteglobal.com\/wp-content\/uploads\/2019\/04\/Sismo-en-Veracruz-300x166.jpg 300w\" sizes=\"auto, (max-width: 600px) 100vw, 600px\" \/><\/figure>\n\n\n\n<p> [Redacci\u00f3n]<br> El sismo se ha percibido en Guerrero, Oaxaca, Puebla y Ciudad de M\u00e9xico. As\u00ed como en algunas zonas de EdoMex y Veracruz<br> Veracruz, Veracruz.- Esta tarde se registr\u00f3 un sismo que se sinti\u00f3 en la zona conurbada Veracruz &#8211; Boca del R\u00edo.<br> Y es que a trav\u00e9s de su cuenta de Twitter, el Servicio Sismol\u00f3gico Nacional inform\u00f3: Preliminar: SISMO Magnitud 5.7 Loc. 65 km al SUROESTE de OMETEPEC, GRO 22\/04\/2019 15:15:23 Lat 16.16 Lon -98.69 Pf 10 km<br> De acuerdo con la plataforma Sky Alert, se registr\u00f3 un sismo de intensidad d\u00e9bil, de acuerdo con el sensor ubicado en Orizaba.<br> El sismo se ha percibido en Guerrero, Oaxaca, Puebla y Ciudad de M\u00e9xico. As\u00ed como en algunas zonas de EdoMex y Veracruz<\/p>\n","protected":false},"excerpt":{"rendered":"<p>[Redacci\u00f3n] El sismo se ha percibido en Guerrero, Oaxaca, Puebla y Ciudad de M\u00e9xico. As\u00ed como en algunas zonas de EdoMex y Veracruz Veracruz, Veracruz.- Esta tarde se registr\u00f3 un sismo que se sinti\u00f3 en la zona conurbada Veracruz &#8211; Boca del R\u00edo. Y es que a trav\u00e9s de su cuenta de Twitter, el Servicio [&hellip;]<\/p>\n","protected":false},"author":1,"featured_media":138346,"comment_status":"open","ping_status":"open","sticky":false,"template":"","format":"standard","meta":{"footnotes":""},"categories":[7],"tags":[],"class_list":["post-138345","post","type-post","status-publish","format-standard","has-post-thumbnail","hentry","category-veracruz","entry","has-media"],"jetpack_featured_media_url":"http:\/\/vertienteglobal.com\/wp-content\/uploads\/2019\/04\/Sismo-en-Veracruz.jpg","_links":{"self":[{"href":"http:\/\/vertienteglobal.com\/index.php?rest_route=\/wp\/v2\/posts\/138345","targetHints":{"allow":["GET"]}}],"collection":[{"href":"http:\/\/vertienteglobal.com\/index.php?rest_route=\/wp\/v2\/posts"}],"about":[{"href":"http:\/\/vertienteglobal.com\/index.php?rest_route=\/wp\/v2\/types\/post"}],"author":[{"embeddable":true,"href":"http:\/\/vertienteglobal.com\/index.php?rest_route=\/wp\/v2\/users\/1"}],"replies":[{"embeddable":true,"href":"http:\/\/vertienteglobal.com\/index.php?rest_route=%2Fwp%2Fv2%2Fcomments&post=138345"}],"version-history":[{"count":0,"href":"http:\/\/vertienteglobal.com\/index.php?rest_route=\/wp\/v2\/posts\/138345\/revisions"}],"wp:featuredmedia":[{"embeddable":true,"href":"http:\/\/vertienteglobal.com\/index.php?rest_route=\/wp\/v2\/media\/138346"}],"wp:attachment":[{"href":"http:\/\/vertienteglobal.com\/index.php?rest_route=%2Fwp%2Fv2%2Fmedia&parent=138345"}],"wp:term":[{"taxonomy":"category","embeddable":true,"href":"http:\/\/vertienteglobal.com\/index.php?rest_route=%2Fwp%2Fv2%2Fcategories&post=138345"},{"taxonomy":"post_tag","embeddable":true,"href":"http:\/\/vertienteglobal.com\/index.php?rest_route=%2Fwp%2Fv2%2Ftags&post=138345"}],"curies":[{"name":"wp","href":"https:\/\/api.w.org\/{rel}","templated":true}]}}