{"id":138290,"date":"2019-04-21T20:42:54","date_gmt":"2019-04-22T01:42:54","guid":{"rendered":"http:\/\/vertienteglobal.com\/?p=138290"},"modified":"2019-04-22T03:15:44","modified_gmt":"2019-04-22T08:15:44","slug":"duele-mucho-enterarse-de-estos-asesinatos-viles-de-minatitlan-fruto-podrido-que-nos-dejaron-amlo","status":"publish","type":"post","link":"http:\/\/vertienteglobal.com\/?p=138290","title":{"rendered":"Duele mucho enterarse de estos asesinatos viles de Minatitl\u00e1n; fruto podrido que nos dejaron: AMLO"},"content":{"rendered":"\n<div class=\"twitterbutton\" style=\"float: right; padding-left: 5px;\"><a href=\"http:\/\/twitter.com\/share\" class=\"twitter-share-button\" data-count=\"horizontal\" data-text=\"Duele mucho enterarse de estos asesinatos viles de Minatitl\u00e1n; fruto podrido qu...\" data-via=\"https:\/\/twitter.com\/VertienteGloba1\" data-url=\"http:\/\/vertienteglobal.com\/?p=138290\" data-lang=\"es\" data-related=\"Informaci\u00f3n general:S\u00edguenos para que est\u00e9ss informado\"><\/a><\/div>\n<figure class=\"wp-block-image\"><img loading=\"lazy\" decoding=\"async\" width=\"600\" height=\"336\" src=\"http:\/\/vertienteglobal.com\/wp-content\/uploads\/2019\/04\/AMLO-asesinos-viles.jpg\" alt=\"\" class=\"wp-image-138291\" srcset=\"http:\/\/vertienteglobal.com\/wp-content\/uploads\/2019\/04\/AMLO-asesinos-viles.jpg 600w, http:\/\/vertienteglobal.com\/wp-content\/uploads\/2019\/04\/AMLO-asesinos-viles-150x84.jpg 150w, http:\/\/vertienteglobal.com\/wp-content\/uploads\/2019\/04\/AMLO-asesinos-viles-300x168.jpg 300w\" sizes=\"auto, (max-width: 600px) 100vw, 600px\" \/><\/figure>\n\n\n\n<p> [Redacci\u00f3n]<br> Asegur\u00f3 que \u201ctodav\u00eda tenemos que enfrentar esa inercia, ese fruto podrido ese cochinero que nos dejaron pero vamos a limpiar al pa\u00eds se va a acabar la corrupci\u00f3n y va a haber justicia\u201d<br> Boca del Rio, Veracruz.- El presidente Andr\u00e9s Manuel L\u00f3pez Obrador, dijo que \u201cduele mucho enterarse y tener noticias como estos asesinatos viles de Minatitl\u00e1n, todo este fruto podrido\u201d.<br> Y es que afirm\u00f3: \u201cDuele mucho enterarse y tener noticias como estos asesinatos viles de Minatitl\u00e1n, todo este fruto podrido\u201d.<br> Esto sobre la masacre que se registr\u00f3 la noche del viernes en una fiesta en el municipio de Minatitl\u00e1n, donde 13 personas perdieron la vida y cuatro m\u00e1s resultaron lesionadas.<br> Dijo que \u201ctodo esto que se hered\u00f3 de la aplicaci\u00f3n de una pol\u00edtica econ\u00f3mica antipopular donde lo \u00fanico que les importaba era saquear, robar el gobierno no estaba hecho para servir al pueblo, estaba convertido en un facilitador para la corrupci\u00f3n\u201d.<br> Por ello, asegur\u00f3 que \u201ctodav\u00eda tenemos que enfrentar esa inercia, ese fruto podrido ese cochinero que nos dejaron pero vamos a limpiar al pa\u00eds se va a acabar la corrupci\u00f3n y va a haber justicia\u201d.<\/p>\n","protected":false},"excerpt":{"rendered":"<p>[Redacci\u00f3n] Asegur\u00f3 que \u201ctodav\u00eda tenemos que enfrentar esa inercia, ese fruto podrido ese cochinero que nos dejaron pero vamos a limpiar al pa\u00eds se va a acabar la corrupci\u00f3n y va a haber justicia\u201d Boca del Rio, Veracruz.- El presidente Andr\u00e9s Manuel L\u00f3pez Obrador, dijo que \u201cduele mucho enterarse y tener noticias como estos asesinatos [&hellip;]<\/p>\n","protected":false},"author":1,"featured_media":138291,"comment_status":"open","ping_status":"open","sticky":false,"template":"","format":"standard","meta":{"footnotes":""},"categories":[7],"tags":[],"class_list":["post-138290","post","type-post","status-publish","format-standard","has-post-thumbnail","hentry","category-veracruz","entry","has-media"],"jetpack_featured_media_url":"http:\/\/vertienteglobal.com\/wp-content\/uploads\/2019\/04\/AMLO-asesinos-viles.jpg","_links":{"self":[{"href":"http:\/\/vertienteglobal.com\/index.php?rest_route=\/wp\/v2\/posts\/138290","targetHints":{"allow":["GET"]}}],"collection":[{"href":"http:\/\/vertienteglobal.com\/index.php?rest_route=\/wp\/v2\/posts"}],"about":[{"href":"http:\/\/vertienteglobal.com\/index.php?rest_route=\/wp\/v2\/types\/post"}],"author":[{"embeddable":true,"href":"http:\/\/vertienteglobal.com\/index.php?rest_route=\/wp\/v2\/users\/1"}],"replies":[{"embeddable":true,"href":"http:\/\/vertienteglobal.com\/index.php?rest_route=%2Fwp%2Fv2%2Fcomments&post=138290"}],"version-history":[{"count":0,"href":"http:\/\/vertienteglobal.com\/index.php?rest_route=\/wp\/v2\/posts\/138290\/revisions"}],"wp:featuredmedia":[{"embeddable":true,"href":"http:\/\/vertienteglobal.com\/index.php?rest_route=\/wp\/v2\/media\/138291"}],"wp:attachment":[{"href":"http:\/\/vertienteglobal.com\/index.php?rest_route=%2Fwp%2Fv2%2Fmedia&parent=138290"}],"wp:term":[{"taxonomy":"category","embeddable":true,"href":"http:\/\/vertienteglobal.com\/index.php?rest_route=%2Fwp%2Fv2%2Fcategories&post=138290"},{"taxonomy":"post_tag","embeddable":true,"href":"http:\/\/vertienteglobal.com\/index.php?rest_route=%2Fwp%2Fv2%2Ftags&post=138290"}],"curies":[{"name":"wp","href":"https:\/\/api.w.org\/{rel}","templated":true}]}}