{"id":138257,"date":"2019-04-21T12:52:06","date_gmt":"2019-04-21T17:52:06","guid":{"rendered":"http:\/\/vertienteglobal.com\/?p=138257"},"modified":"2019-04-22T02:23:24","modified_gmt":"2019-04-22T07:23:24","slug":"insiste-amlo-que-dejaron-un-cochinero-en-el-pais-y-se-trabaja-para-que-haya-justicia","status":"publish","type":"post","link":"http:\/\/vertienteglobal.com\/?p=138257","title":{"rendered":"Insiste AMLO que dejaron un \u201ccochinero\u201d en el pa\u00eds, y se trabaja para que haya justicia"},"content":{"rendered":"\n<div class=\"twitterbutton\" style=\"float: right; padding-left: 5px;\"><a href=\"http:\/\/twitter.com\/share\" class=\"twitter-share-button\" data-count=\"horizontal\" data-text=\"Insiste AMLO que dejaron un \u201ccochinero\u201d en el pa\u00eds, y se trabaja para que h...\" data-via=\"https:\/\/twitter.com\/VertienteGloba1\" data-url=\"http:\/\/vertienteglobal.com\/?p=138257\" data-lang=\"es\" data-related=\"Informaci\u00f3n general:S\u00edguenos para que est\u00e9ss informado\"><\/a><\/div>\n<figure class=\"wp-block-image\"><img loading=\"lazy\" decoding=\"async\" width=\"600\" height=\"356\" src=\"http:\/\/vertienteglobal.com\/wp-content\/uploads\/2019\/04\/Insiste-AMLO-que-se-trabaja-para-que-haya-justicia.jpg\" alt=\"\" class=\"wp-image-138258\" srcset=\"http:\/\/vertienteglobal.com\/wp-content\/uploads\/2019\/04\/Insiste-AMLO-que-se-trabaja-para-que-haya-justicia.jpg 600w, http:\/\/vertienteglobal.com\/wp-content\/uploads\/2019\/04\/Insiste-AMLO-que-se-trabaja-para-que-haya-justicia-150x89.jpg 150w, http:\/\/vertienteglobal.com\/wp-content\/uploads\/2019\/04\/Insiste-AMLO-que-se-trabaja-para-que-haya-justicia-300x178.jpg 300w\" sizes=\"auto, (max-width: 600px) 100vw, 600px\" \/><\/figure>\n\n\n\n<p> [Redacci\u00f3n]<br> Temas de seguridad, junto con caso Minatitl\u00e1n, se abordar\u00e1n este lunes: Obrador<br> Veracruz, Veracruz.- En su llegada al Aeropuerto de la ciudad de Veracruz al mediod\u00eda de este domingo, el presidente de M\u00e9xico, Andr\u00e9s Manuel L\u00f3pez Obrador, reiter\u00f3 que se dej\u00f3 un \u201ccochinero\u201d en el pa\u00eds en materia de seguridad, y se est\u00e1 trabajando para que haya justicia.<br> Sin profundizar en el tema, el mandatario mexicano dijo estar consciente de la situaci\u00f3n que se vive en la Rep\u00fablica, y esta entidad veracruzana, por ello su visita para reunirse y tocar dichos temas.<br> A pregunta expresa sobre el hecho ocurrido en Minatitl\u00e1n, donde atacaron a 13 personas entre ellas un menor y perdieron la vida, L\u00f3pez Obrador no respondi\u00f3 al respecto.<br> El ejecutivo federal acudi\u00f3 a Veracruz para participar este domingo en la conmemoraci\u00f3n del 105 aniversario de la Defensa Patri\u00f3tica de Veracruz en la Her\u00f3ica Escuela Naval Militar de Ant\u00f3n Lizardo.<br> El presidente de la Rep\u00fablica, Andr\u00e9s Manuel L\u00f3pez Obrador, dijo que este lunes en la reuni\u00f3n de seguridad, se tocar\u00e1n varios temas, entre ellos el de Minatitl\u00e1n.<br> Cabe recordar que en aquel municipio al sur del estado de Veracruz, se dio un hecho el pasado viernes donde un comando armado atac\u00f3 a varias personas en una fiesta infantil, perdiendo la vida 13, entre ellos un menor de edad.<br> En ese sentido, L\u00f3pez Obrador solo reiter\u00f3 que adem\u00e1s de la conmemoraci\u00f3n del 105 aniversario de la Defensa Patri\u00f3tica de Veracruz, se viene a tocar los temas que m\u00e1s preocupan a la sociedad, la inseguridad.<br> El mandatario federal estar\u00e1 hasta este lunes con diversas actividades, y despu\u00e9s del mediod\u00eda volver\u00e1 a la capital del pa\u00eds<br> Para este lunes encabezar\u00e1 la reuni\u00f3n de seguridad en la zona conurbada Veracruz-Boca del R\u00edo, y la acostumbrada conferencia ma\u00f1anera.<\/p>\n","protected":false},"excerpt":{"rendered":"<p>[Redacci\u00f3n] Temas de seguridad, junto con caso Minatitl\u00e1n, se abordar\u00e1n este lunes: Obrador Veracruz, Veracruz.- En su llegada al Aeropuerto de la ciudad de Veracruz al mediod\u00eda de este domingo, el presidente de M\u00e9xico, Andr\u00e9s Manuel L\u00f3pez Obrador, reiter\u00f3 que se dej\u00f3 un \u201ccochinero\u201d en el pa\u00eds en materia de seguridad, y se est\u00e1 trabajando [&hellip;]<\/p>\n","protected":false},"author":1,"featured_media":138258,"comment_status":"open","ping_status":"open","sticky":false,"template":"","format":"standard","meta":{"footnotes":""},"categories":[7],"tags":[],"class_list":["post-138257","post","type-post","status-publish","format-standard","has-post-thumbnail","hentry","category-veracruz","entry","has-media"],"jetpack_featured_media_url":"http:\/\/vertienteglobal.com\/wp-content\/uploads\/2019\/04\/Insiste-AMLO-que-se-trabaja-para-que-haya-justicia.jpg","_links":{"self":[{"href":"http:\/\/vertienteglobal.com\/index.php?rest_route=\/wp\/v2\/posts\/138257","targetHints":{"allow":["GET"]}}],"collection":[{"href":"http:\/\/vertienteglobal.com\/index.php?rest_route=\/wp\/v2\/posts"}],"about":[{"href":"http:\/\/vertienteglobal.com\/index.php?rest_route=\/wp\/v2\/types\/post"}],"author":[{"embeddable":true,"href":"http:\/\/vertienteglobal.com\/index.php?rest_route=\/wp\/v2\/users\/1"}],"replies":[{"embeddable":true,"href":"http:\/\/vertienteglobal.com\/index.php?rest_route=%2Fwp%2Fv2%2Fcomments&post=138257"}],"version-history":[{"count":0,"href":"http:\/\/vertienteglobal.com\/index.php?rest_route=\/wp\/v2\/posts\/138257\/revisions"}],"wp:featuredmedia":[{"embeddable":true,"href":"http:\/\/vertienteglobal.com\/index.php?rest_route=\/wp\/v2\/media\/138258"}],"wp:attachment":[{"href":"http:\/\/vertienteglobal.com\/index.php?rest_route=%2Fwp%2Fv2%2Fmedia&parent=138257"}],"wp:term":[{"taxonomy":"category","embeddable":true,"href":"http:\/\/vertienteglobal.com\/index.php?rest_route=%2Fwp%2Fv2%2Fcategories&post=138257"},{"taxonomy":"post_tag","embeddable":true,"href":"http:\/\/vertienteglobal.com\/index.php?rest_route=%2Fwp%2Fv2%2Ftags&post=138257"}],"curies":[{"name":"wp","href":"https:\/\/api.w.org\/{rel}","templated":true}]}}