{"id":138250,"date":"2019-04-21T10:32:24","date_gmt":"2019-04-21T15:32:24","guid":{"rendered":"http:\/\/vertienteglobal.com\/?p=138250"},"modified":"2019-04-21T23:37:47","modified_gmt":"2019-04-22T04:37:47","slug":"marzo-2019-segundo-mas-caliente-en-139-anos","status":"publish","type":"post","link":"http:\/\/vertienteglobal.com\/?p=138250","title":{"rendered":"Marzo 2019, segundo m\u00e1s caliente en 139 a\u00f1os"},"content":{"rendered":"\n<div class=\"twitterbutton\" style=\"float: right; padding-left: 5px;\"><a href=\"http:\/\/twitter.com\/share\" class=\"twitter-share-button\" data-count=\"horizontal\" data-text=\"Marzo 2019, segundo m\u00e1s caliente en 139 a\u00f1os\" data-via=\"https:\/\/twitter.com\/VertienteGloba1\" data-url=\"http:\/\/vertienteglobal.com\/?p=138250\" data-lang=\"es\" data-related=\"Informaci\u00f3n general:S\u00edguenos para que est\u00e9ss informado\"><\/a><\/div>\n<figure class=\"wp-block-image\"><img loading=\"lazy\" decoding=\"async\" width=\"600\" height=\"354\" src=\"http:\/\/vertienteglobal.com\/wp-content\/uploads\/2019\/04\/Marzo-2019-segundo-m\u00e1s-caliente.jpg\" alt=\"\" class=\"wp-image-138251\" srcset=\"http:\/\/vertienteglobal.com\/wp-content\/uploads\/2019\/04\/Marzo-2019-segundo-m\u00e1s-caliente.jpg 600w, http:\/\/vertienteglobal.com\/wp-content\/uploads\/2019\/04\/Marzo-2019-segundo-m\u00e1s-caliente-150x89.jpg 150w, http:\/\/vertienteglobal.com\/wp-content\/uploads\/2019\/04\/Marzo-2019-segundo-m\u00e1s-caliente-300x177.jpg 300w\" sizes=\"auto, (max-width: 600px) 100vw, 600px\" \/><\/figure>\n\n\n\n<p> [Redacci\u00f3n]<br> Las condiciones sofocantes a nivel mundial durante el mes pasado, indica el estudio, hicieron de marzo de 2019 el segundo m\u00e1s caluroso registrado para la Tierra, por detr\u00e1s del de 2016<br> Ciudad de M\u00e9xico.- El mes pasado fue el segundo marzo m\u00e1s c\u00e1lido en 139 a\u00f1os de acuerdo con los registros modernos, indic\u00f3 la Administraci\u00f3n Nacional Oce\u00e1nica y Atmosf\u00e9rica (NOAA, por sus siglas en ingl\u00e9s).<br> El an\u00e1lisis mensual se\u00f1ala que las temperaturas de las superficie terrestre del tercer mes del 2019 fueron 1.91 grados Fahrenheit sobre el promedio del siglo XX, que es de 54.9 grados Fahrenheit.<br> Las condiciones sofocantes a nivel mundial durante el mes pasado, indica el estudio, hicieron de marzo de 2019 el segundo m\u00e1s caluroso registrado para la Tierra, por detr\u00e1s del de 2016.<br> Adem\u00e1s, el primer trimestre de 2019 termin\u00f3 como el tercero m\u00e1s c\u00e1lido, a la fecha, en el mundo. El periodo enero-marzo registr\u00f3 una temperatura global de 1.62 grados Fahrenheit por encima de la media de 54.1 grados.<br> Las temperaturas m\u00e1s altas del promedio tuvieron lugar en \u00e1reas de Australia, suroeste y centro de Asia, Alaska y noroeste de Canad\u00e1.<\/p>\n","protected":false},"excerpt":{"rendered":"<p>[Redacci\u00f3n] Las condiciones sofocantes a nivel mundial durante el mes pasado, indica el estudio, hicieron de marzo de 2019 el segundo m\u00e1s caluroso registrado para la Tierra, por detr\u00e1s del de 2016 Ciudad de M\u00e9xico.- El mes pasado fue el segundo marzo m\u00e1s c\u00e1lido en 139 a\u00f1os de acuerdo con los registros modernos, indic\u00f3 la [&hellip;]<\/p>\n","protected":false},"author":1,"featured_media":138251,"comment_status":"open","ping_status":"open","sticky":false,"template":"","format":"standard","meta":{"footnotes":""},"categories":[8],"tags":[],"class_list":["post-138250","post","type-post","status-publish","format-standard","has-post-thumbnail","hentry","category-pais","entry","has-media"],"jetpack_featured_media_url":"http:\/\/vertienteglobal.com\/wp-content\/uploads\/2019\/04\/Marzo-2019-segundo-m\u00e1s-caliente.jpg","_links":{"self":[{"href":"http:\/\/vertienteglobal.com\/index.php?rest_route=\/wp\/v2\/posts\/138250","targetHints":{"allow":["GET"]}}],"collection":[{"href":"http:\/\/vertienteglobal.com\/index.php?rest_route=\/wp\/v2\/posts"}],"about":[{"href":"http:\/\/vertienteglobal.com\/index.php?rest_route=\/wp\/v2\/types\/post"}],"author":[{"embeddable":true,"href":"http:\/\/vertienteglobal.com\/index.php?rest_route=\/wp\/v2\/users\/1"}],"replies":[{"embeddable":true,"href":"http:\/\/vertienteglobal.com\/index.php?rest_route=%2Fwp%2Fv2%2Fcomments&post=138250"}],"version-history":[{"count":0,"href":"http:\/\/vertienteglobal.com\/index.php?rest_route=\/wp\/v2\/posts\/138250\/revisions"}],"wp:featuredmedia":[{"embeddable":true,"href":"http:\/\/vertienteglobal.com\/index.php?rest_route=\/wp\/v2\/media\/138251"}],"wp:attachment":[{"href":"http:\/\/vertienteglobal.com\/index.php?rest_route=%2Fwp%2Fv2%2Fmedia&parent=138250"}],"wp:term":[{"taxonomy":"category","embeddable":true,"href":"http:\/\/vertienteglobal.com\/index.php?rest_route=%2Fwp%2Fv2%2Fcategories&post=138250"},{"taxonomy":"post_tag","embeddable":true,"href":"http:\/\/vertienteglobal.com\/index.php?rest_route=%2Fwp%2Fv2%2Ftags&post=138250"}],"curies":[{"name":"wp","href":"https:\/\/api.w.org\/{rel}","templated":true}]}}