{"id":138243,"date":"2019-04-20T22:24:25","date_gmt":"2019-04-21T03:24:25","guid":{"rendered":"http:\/\/vertienteglobal.com\/?p=138243"},"modified":"2019-04-21T17:30:00","modified_gmt":"2019-04-21T22:30:00","slug":"van-14-ahogados-durante-semana-santa-en-el-estado-de-veracruz-proteccion-civil","status":"publish","type":"post","link":"http:\/\/vertienteglobal.com\/?p=138243","title":{"rendered":"Van 14 ahogados durante Semana Santa en el estado de Veracruz: Protecci\u00f3n Civil"},"content":{"rendered":"\n<div class=\"twitterbutton\" style=\"float: right; padding-left: 5px;\"><a href=\"http:\/\/twitter.com\/share\" class=\"twitter-share-button\" data-count=\"horizontal\" data-text=\"Van 14 ahogados durante Semana Santa en el estado de Veracruz: Protecci\u00f3n Civil\" data-via=\"https:\/\/twitter.com\/VertienteGloba1\" data-url=\"http:\/\/vertienteglobal.com\/?p=138243\" data-lang=\"es\" data-related=\"Informaci\u00f3n general:S\u00edguenos para que est\u00e9ss informado\"><\/a><\/div>\n<figure class=\"wp-block-image\"><img loading=\"lazy\" decoding=\"async\" width=\"600\" height=\"338\" src=\"http:\/\/vertienteglobal.com\/wp-content\/uploads\/2019\/04\/Van-14-ahogados-durante-Semana-Santa-en-el-estado-de-Veracruz.jpg\" alt=\"\" class=\"wp-image-138244\" srcset=\"http:\/\/vertienteglobal.com\/wp-content\/uploads\/2019\/04\/Van-14-ahogados-durante-Semana-Santa-en-el-estado-de-Veracruz.jpg 600w, http:\/\/vertienteglobal.com\/wp-content\/uploads\/2019\/04\/Van-14-ahogados-durante-Semana-Santa-en-el-estado-de-Veracruz-150x85.jpg 150w, http:\/\/vertienteglobal.com\/wp-content\/uploads\/2019\/04\/Van-14-ahogados-durante-Semana-Santa-en-el-estado-de-Veracruz-300x169.jpg 300w\" sizes=\"auto, (max-width: 600px) 100vw, 600px\" \/><\/figure>\n\n\n\n<p> [Redacci\u00f3n]<br> La secretar\u00eda inform\u00f3 que se tuvo un total de 85 personas rescatadas y se le brind\u00f3 atenci\u00f3n m\u00e9dica a 199 personas<br> Xalapa, Veracruz.- De acuerdo con la Secretar\u00eda de Protecci\u00f3n Civil del Estado de Veracruz, del 13 al 20 de abril 14 personas murieron ahogadas en esta Semana Santa 2019.<br> Y es que aunado a esto la secretar\u00eda inform\u00f3 que se tuvo un total de 85 personas rescatadas y se le brind\u00f3 atenci\u00f3n m\u00e9dica a 199 personas.<br> A continuaci\u00f3n la lista de las personas que perdieron la vida del 13 al 20 de abril:<br> Masculino 42 a\u00f1os, playa Villa Rica Actopan (13 de abril)<br> Masculino 17 a\u00f1os, \u00c1lamo (13 de abril)<br> Femenino 11 a\u00f1os, R\u00edo Tepango, San Andr\u00e9s Tuxtla (14 de abril)<br> Masculino 26 a\u00f1os, playa Chachalacas, \u00darsulo Galv\u00e1n (17 de abril)<br> Femenino 35 a\u00f1os, playa Mata de Uva, Alvarado (18 de abril)<br> Masculino 45 a\u00f1os, playa Tecolutla, Tecolutla (18 de abril)<br> Masculino 28 a\u00f1os, playa Tecolutla, Tecolutla (18 de abril)<br> Masculino 7 a\u00f1os, R\u00edo La Lana, Playa Vicente, (18 de abril)<br> Masculino 11 a\u00f1os, R\u00edo La Lana, Playa Vicente (18 de abril)<br> Masculino, 52 a\u00f1os, D\u00e1rsena Osti\u00f3n, Coatzacoalcos (19 de abril)<br> Masculino sin generales, R\u00edo Jamapa comunidad San Diego, Malio Fabio Altamirano (19 de abril)<br> Sin generales, 16 a\u00f1os, Comunidad Santiago de la Poza del R\u00edo Filobobos, Atzalan (19 de abril)<br> Masculino, 40 a\u00f1os, Playa de Casitas, Tecolutla (20 de abril)<br> Sin generales, 19 a\u00f1os, R\u00edo Actopan, Localidad La Ca\u00f1a, Actopan (20 de abril)<\/p>\n","protected":false},"excerpt":{"rendered":"<p>[Redacci\u00f3n] La secretar\u00eda inform\u00f3 que se tuvo un total de 85 personas rescatadas y se le brind\u00f3 atenci\u00f3n m\u00e9dica a 199 personas Xalapa, Veracruz.- De acuerdo con la Secretar\u00eda de Protecci\u00f3n Civil del Estado de Veracruz, del 13 al 20 de abril 14 personas murieron ahogadas en esta Semana Santa 2019. Y es que aunado [&hellip;]<\/p>\n","protected":false},"author":1,"featured_media":138244,"comment_status":"open","ping_status":"open","sticky":false,"template":"","format":"standard","meta":{"footnotes":""},"categories":[7],"tags":[],"class_list":["post-138243","post","type-post","status-publish","format-standard","has-post-thumbnail","hentry","category-veracruz","entry","has-media"],"jetpack_featured_media_url":"http:\/\/vertienteglobal.com\/wp-content\/uploads\/2019\/04\/Van-14-ahogados-durante-Semana-Santa-en-el-estado-de-Veracruz.jpg","_links":{"self":[{"href":"http:\/\/vertienteglobal.com\/index.php?rest_route=\/wp\/v2\/posts\/138243","targetHints":{"allow":["GET"]}}],"collection":[{"href":"http:\/\/vertienteglobal.com\/index.php?rest_route=\/wp\/v2\/posts"}],"about":[{"href":"http:\/\/vertienteglobal.com\/index.php?rest_route=\/wp\/v2\/types\/post"}],"author":[{"embeddable":true,"href":"http:\/\/vertienteglobal.com\/index.php?rest_route=\/wp\/v2\/users\/1"}],"replies":[{"embeddable":true,"href":"http:\/\/vertienteglobal.com\/index.php?rest_route=%2Fwp%2Fv2%2Fcomments&post=138243"}],"version-history":[{"count":0,"href":"http:\/\/vertienteglobal.com\/index.php?rest_route=\/wp\/v2\/posts\/138243\/revisions"}],"wp:featuredmedia":[{"embeddable":true,"href":"http:\/\/vertienteglobal.com\/index.php?rest_route=\/wp\/v2\/media\/138244"}],"wp:attachment":[{"href":"http:\/\/vertienteglobal.com\/index.php?rest_route=%2Fwp%2Fv2%2Fmedia&parent=138243"}],"wp:term":[{"taxonomy":"category","embeddable":true,"href":"http:\/\/vertienteglobal.com\/index.php?rest_route=%2Fwp%2Fv2%2Fcategories&post=138243"},{"taxonomy":"post_tag","embeddable":true,"href":"http:\/\/vertienteglobal.com\/index.php?rest_route=%2Fwp%2Fv2%2Ftags&post=138243"}],"curies":[{"name":"wp","href":"https:\/\/api.w.org\/{rel}","templated":true}]}}