{"id":138203,"date":"2019-04-20T11:35:16","date_gmt":"2019-04-20T16:35:16","guid":{"rendered":"http:\/\/vertienteglobal.com\/?p=138203"},"modified":"2019-04-21T16:06:43","modified_gmt":"2019-04-21T21:06:43","slug":"todo-listo-para-la-olimpiada-nacional","status":"publish","type":"post","link":"http:\/\/vertienteglobal.com\/?p=138203","title":{"rendered":"Todo listo, para la Olimpiada Nacional"},"content":{"rendered":"\n<div class=\"twitterbutton\" style=\"float: right; padding-left: 5px;\"><a href=\"http:\/\/twitter.com\/share\" class=\"twitter-share-button\" data-count=\"horizontal\" data-text=\"Todo listo, para la Olimpiada Nacional\" data-via=\"https:\/\/twitter.com\/VertienteGloba1\" data-url=\"http:\/\/vertienteglobal.com\/?p=138203\" data-lang=\"es\" data-related=\"Informaci\u00f3n general:S\u00edguenos para que est\u00e9ss informado\"><\/a><\/div>\n<figure class=\"wp-block-image\"><img loading=\"lazy\" decoding=\"async\" width=\"600\" height=\"342\" src=\"http:\/\/vertienteglobal.com\/wp-content\/uploads\/2019\/04\/Olimpiada-Nacional.jpg\" alt=\"\" class=\"wp-image-138204\" srcset=\"http:\/\/vertienteglobal.com\/wp-content\/uploads\/2019\/04\/Olimpiada-Nacional.jpg 600w, http:\/\/vertienteglobal.com\/wp-content\/uploads\/2019\/04\/Olimpiada-Nacional-150x86.jpg 150w, http:\/\/vertienteglobal.com\/wp-content\/uploads\/2019\/04\/Olimpiada-Nacional-300x171.jpg 300w\" sizes=\"auto, (max-width: 600px) 100vw, 600px\" \/><\/figure>\n\n\n\n<p> [Redacci\u00f3n]<br> La justa se inaugurar\u00e1 en la Plaza de Banderas de Chetumal el pr\u00f3ximo 2 de mayo a las 18:30 horas. La entidad enviar\u00e1 a la capital de Quintana Roo a 222 mujeres y hombres en ajedrez, tae kwon do, badminton, esgrima, hockey, triatl\u00f3n, luchas y pesas<br> M\u00e9rida, Yucat\u00e1n.- Personal del Instituto del Deporte (IDEY) lleg\u00f3 a la Ciudad de M\u00e9xico para registrar ante la Comisi\u00f3n Nacional de Cultura F\u00edsica y Deporte (Conade) a las y los 863 atletas que participar\u00e1n en la Olimpiada Nacional 2019, siendo 661 que viajar\u00e1n a sedes for\u00e1neas y 202 que competir\u00e1n en las ocho disciplinas programadas para realizarse en Yucat\u00e1n.<br> Y es que la justa se inaugurar\u00e1 en la Plaza de Banderas de Chetumal el pr\u00f3ximo 2 de mayo a las 18:30 horas. La entidad enviar\u00e1 a la capital de Quintana Roo a 222 mujeres y hombres en ajedrez, tae kwon do, badminton, esgrima, hockey, triatl\u00f3n, luchas y pesas; mientras que en Canc\u00fan estar\u00e1n presentes 105 de nataci\u00f3n, aguas abiertas, patines sobre ruedas, boxeo amateur, tiro con arco, tenis de mesa, tenis de campo y gimnasia art\u00edstica<br> A Chihuahua se desplazar\u00e1n 134 deportistas en atletismo, beisbol, basquetbol, raquetbol y softbol. A Colima se trasladar\u00e1n 130 de handball, judo, voleibol de playa y de sala, y a Nayarit, 53 de vela, karate y pentatl\u00f3n moderno; por \u00faltimo, en Guanajuato estar\u00e1n 17 de font\u00f3n y tiro deportivo.<br> Por otra parte, el 3 de mayo dar\u00e1 inicio la Universiada Nacional en Yucat\u00e1n, la competencias juvenil m\u00e1s importante del pa\u00eds, cuya ceremonia de inauguraci\u00f3n se llevar\u00e1 a cabo a las 19:30 horas en el estadio \u00abGeneral Salvador Alvarado\u00bb. El certamen comienza desde el 1 de ese mes con actividades en la Pista de Atletismo del Centro de Alto Rendimiento de Campeche, en el Polif\u00f3rum Zamn\u00e1 del Complejo Deportivo \u00abKukulc\u00e1n\u00bb y en el Auditorio del Centro Universitario Montejo de Cordemex.<\/p>\n","protected":false},"excerpt":{"rendered":"<p>[Redacci\u00f3n] La justa se inaugurar\u00e1 en la Plaza de Banderas de Chetumal el pr\u00f3ximo 2 de mayo a las 18:30 horas. La entidad enviar\u00e1 a la capital de Quintana Roo a 222 mujeres y hombres en ajedrez, tae kwon do, badminton, esgrima, hockey, triatl\u00f3n, luchas y pesas M\u00e9rida, Yucat\u00e1n.- Personal del Instituto del Deporte (IDEY) [&hellip;]<\/p>\n","protected":false},"author":1,"featured_media":138204,"comment_status":"open","ping_status":"open","sticky":false,"template":"","format":"standard","meta":{"footnotes":""},"categories":[11,2],"tags":[],"class_list":["post-138203","post","type-post","status-publish","format-standard","has-post-thumbnail","hentry","category-deportes","category-yucatan","entry","has-media"],"jetpack_featured_media_url":"http:\/\/vertienteglobal.com\/wp-content\/uploads\/2019\/04\/Olimpiada-Nacional.jpg","_links":{"self":[{"href":"http:\/\/vertienteglobal.com\/index.php?rest_route=\/wp\/v2\/posts\/138203","targetHints":{"allow":["GET"]}}],"collection":[{"href":"http:\/\/vertienteglobal.com\/index.php?rest_route=\/wp\/v2\/posts"}],"about":[{"href":"http:\/\/vertienteglobal.com\/index.php?rest_route=\/wp\/v2\/types\/post"}],"author":[{"embeddable":true,"href":"http:\/\/vertienteglobal.com\/index.php?rest_route=\/wp\/v2\/users\/1"}],"replies":[{"embeddable":true,"href":"http:\/\/vertienteglobal.com\/index.php?rest_route=%2Fwp%2Fv2%2Fcomments&post=138203"}],"version-history":[{"count":0,"href":"http:\/\/vertienteglobal.com\/index.php?rest_route=\/wp\/v2\/posts\/138203\/revisions"}],"wp:featuredmedia":[{"embeddable":true,"href":"http:\/\/vertienteglobal.com\/index.php?rest_route=\/wp\/v2\/media\/138204"}],"wp:attachment":[{"href":"http:\/\/vertienteglobal.com\/index.php?rest_route=%2Fwp%2Fv2%2Fmedia&parent=138203"}],"wp:term":[{"taxonomy":"category","embeddable":true,"href":"http:\/\/vertienteglobal.com\/index.php?rest_route=%2Fwp%2Fv2%2Fcategories&post=138203"},{"taxonomy":"post_tag","embeddable":true,"href":"http:\/\/vertienteglobal.com\/index.php?rest_route=%2Fwp%2Fv2%2Ftags&post=138203"}],"curies":[{"name":"wp","href":"https:\/\/api.w.org\/{rel}","templated":true}]}}