{"id":138136,"date":"2019-04-18T22:50:04","date_gmt":"2019-04-19T03:50:04","guid":{"rendered":"http:\/\/vertienteglobal.com\/?p=138136"},"modified":"2019-04-18T23:12:15","modified_gmt":"2019-04-19T04:12:15","slug":"luna-rosa-ilumina-el-cielo-en-mexico-y-veracruz","status":"publish","type":"post","link":"http:\/\/vertienteglobal.com\/?p=138136","title":{"rendered":"Luna Rosa ilumina el cielo en M\u00e9xico y Veracruz"},"content":{"rendered":"\n<div class=\"twitterbutton\" style=\"float: right; padding-left: 5px;\"><a href=\"http:\/\/twitter.com\/share\" class=\"twitter-share-button\" data-count=\"horizontal\" data-text=\"Luna Rosa ilumina el cielo en M\u00e9xico y Veracruz\" data-via=\"https:\/\/twitter.com\/VertienteGloba1\" data-url=\"http:\/\/vertienteglobal.com\/?p=138136\" data-lang=\"es\" data-related=\"Informaci\u00f3n general:S\u00edguenos para que est\u00e9ss informado\"><\/a><\/div>\n<figure class=\"wp-block-image\"><img loading=\"lazy\" decoding=\"async\" width=\"600\" height=\"340\" src=\"http:\/\/vertienteglobal.com\/wp-content\/uploads\/2019\/04\/Luna-Rosa-ilumina-mexico-01.jpg\" alt=\"\" class=\"wp-image-138137\" srcset=\"http:\/\/vertienteglobal.com\/wp-content\/uploads\/2019\/04\/Luna-Rosa-ilumina-mexico-01.jpg 600w, http:\/\/vertienteglobal.com\/wp-content\/uploads\/2019\/04\/Luna-Rosa-ilumina-mexico-01-150x85.jpg 150w, http:\/\/vertienteglobal.com\/wp-content\/uploads\/2019\/04\/Luna-Rosa-ilumina-mexico-01-300x170.jpg 300w\" sizes=\"auto, (max-width: 600px) 100vw, 600px\" \/><\/figure>\n\n\n\n<p> [Redacci\u00f3n]<br> La Luna Rosa o Pink Moon corresponde a la primera Luna llena despu\u00e9s del equinoccio de primavera, que en el hemisferio norte tiene lugar entre el 20 y el 21 de marzo<br> Veracruz, Veracruz.- La noche de este jueves santo se pudo observar desde varios puntos del pa\u00eds incluyendo a Veracruz, la llamada Luna Rosa.<br> Y es que cabe mencionar que el espect\u00e1culo se podr\u00e1 observar mejor este viernes 19 de abril y de acuerdo con el Almanaque Old Farmer\u2019s, la Luna Rosa ocurrir\u00e1 justo antes del ascenso del Sol.<br> La Luna Rosa o Pink Moon corresponde a la primera Luna llena despu\u00e9s del equinoccio de primavera, que en el hemisferio norte tiene lugar entre el 20 y el 21 de marzo.<\/p>\n\n\n\n<figure class=\"wp-block-image\"><img loading=\"lazy\" decoding=\"async\" width=\"600\" height=\"353\" src=\"http:\/\/vertienteglobal.com\/wp-content\/uploads\/2019\/04\/Luna-Rosa-ilumina-mexico.jpg\" alt=\"\" class=\"wp-image-138138\" srcset=\"http:\/\/vertienteglobal.com\/wp-content\/uploads\/2019\/04\/Luna-Rosa-ilumina-mexico.jpg 600w, http:\/\/vertienteglobal.com\/wp-content\/uploads\/2019\/04\/Luna-Rosa-ilumina-mexico-150x88.jpg 150w, http:\/\/vertienteglobal.com\/wp-content\/uploads\/2019\/04\/Luna-Rosa-ilumina-mexico-300x177.jpg 300w\" sizes=\"auto, (max-width: 600px) 100vw, 600px\" \/><\/figure>\n","protected":false},"excerpt":{"rendered":"<p>[Redacci\u00f3n] La Luna Rosa o Pink Moon corresponde a la primera Luna llena despu\u00e9s del equinoccio de primavera, que en el hemisferio norte tiene lugar entre el 20 y el 21 de marzo Veracruz, Veracruz.- La noche de este jueves santo se pudo observar desde varios puntos del pa\u00eds incluyendo a Veracruz, la llamada Luna [&hellip;]<\/p>\n","protected":false},"author":1,"featured_media":138137,"comment_status":"open","ping_status":"open","sticky":false,"template":"","format":"standard","meta":{"footnotes":""},"categories":[8,7],"tags":[],"class_list":["post-138136","post","type-post","status-publish","format-standard","has-post-thumbnail","hentry","category-pais","category-veracruz","entry","has-media"],"jetpack_featured_media_url":"http:\/\/vertienteglobal.com\/wp-content\/uploads\/2019\/04\/Luna-Rosa-ilumina-mexico-01.jpg","_links":{"self":[{"href":"http:\/\/vertienteglobal.com\/index.php?rest_route=\/wp\/v2\/posts\/138136","targetHints":{"allow":["GET"]}}],"collection":[{"href":"http:\/\/vertienteglobal.com\/index.php?rest_route=\/wp\/v2\/posts"}],"about":[{"href":"http:\/\/vertienteglobal.com\/index.php?rest_route=\/wp\/v2\/types\/post"}],"author":[{"embeddable":true,"href":"http:\/\/vertienteglobal.com\/index.php?rest_route=\/wp\/v2\/users\/1"}],"replies":[{"embeddable":true,"href":"http:\/\/vertienteglobal.com\/index.php?rest_route=%2Fwp%2Fv2%2Fcomments&post=138136"}],"version-history":[{"count":0,"href":"http:\/\/vertienteglobal.com\/index.php?rest_route=\/wp\/v2\/posts\/138136\/revisions"}],"wp:featuredmedia":[{"embeddable":true,"href":"http:\/\/vertienteglobal.com\/index.php?rest_route=\/wp\/v2\/media\/138137"}],"wp:attachment":[{"href":"http:\/\/vertienteglobal.com\/index.php?rest_route=%2Fwp%2Fv2%2Fmedia&parent=138136"}],"wp:term":[{"taxonomy":"category","embeddable":true,"href":"http:\/\/vertienteglobal.com\/index.php?rest_route=%2Fwp%2Fv2%2Fcategories&post=138136"},{"taxonomy":"post_tag","embeddable":true,"href":"http:\/\/vertienteglobal.com\/index.php?rest_route=%2Fwp%2Fv2%2Ftags&post=138136"}],"curies":[{"name":"wp","href":"https:\/\/api.w.org\/{rel}","templated":true}]}}