{"id":138100,"date":"2019-04-18T10:36:29","date_gmt":"2019-04-18T15:36:29","guid":{"rendered":"http:\/\/vertienteglobal.com\/?p=138100"},"modified":"2019-04-18T22:38:34","modified_gmt":"2019-04-19T03:38:34","slug":"abasto-suficiente-de-antirretrovirales-para-el-tratamiento-de-personas-que-viven-con-vih","status":"publish","type":"post","link":"http:\/\/vertienteglobal.com\/?p=138100","title":{"rendered":"Abasto suficiente de antirretrovirales para el tratamiento de personas que viven con VIH"},"content":{"rendered":"\n<div class=\"twitterbutton\" style=\"float: right; padding-left: 5px;\"><a href=\"http:\/\/twitter.com\/share\" class=\"twitter-share-button\" data-count=\"horizontal\" data-text=\"Abasto suficiente de antirretrovirales para el tratamiento de personas que viven...\" data-via=\"https:\/\/twitter.com\/VertienteGloba1\" data-url=\"http:\/\/vertienteglobal.com\/?p=138100\" data-lang=\"es\" data-related=\"Informaci\u00f3n general:S\u00edguenos para que est\u00e9ss informado\"><\/a><\/div>\n<figure class=\"wp-block-image\"><img loading=\"lazy\" decoding=\"async\" width=\"600\" height=\"364\" src=\"http:\/\/vertienteglobal.com\/wp-content\/uploads\/2019\/04\/Abasto-suficiente-de-antirretrovirales.jpeg\" alt=\"\" class=\"wp-image-138101\" srcset=\"http:\/\/vertienteglobal.com\/wp-content\/uploads\/2019\/04\/Abasto-suficiente-de-antirretrovirales.jpeg 600w, http:\/\/vertienteglobal.com\/wp-content\/uploads\/2019\/04\/Abasto-suficiente-de-antirretrovirales-150x91.jpeg 150w, http:\/\/vertienteglobal.com\/wp-content\/uploads\/2019\/04\/Abasto-suficiente-de-antirretrovirales-300x182.jpeg 300w\" sizes=\"auto, (max-width: 600px) 100vw, 600px\" \/><\/figure>\n\n\n\n<p> [Redacci\u00f3n]<br> El proceso de compra de antirretrovirales para este 2019, no ha afectado la dotaci\u00f3n ni compromete la salud de los pacientes.<br> Personal encargado de la recepci\u00f3n de quejas de desabasto, no ha reportado un solo evento verificado de falta de medicamentos ARV.<br> Ciudad d M\u00e9xico.- El Centro Nacional para la Prevenci\u00f3n y el Control del VIH y el Sida (CENSIDA) inform\u00f3 que est\u00e1 garantizada la entrega de medicamentos antirretrovirales a los m\u00e1s de 97 mil pacientes que reciben hasta el momento tratamiento en las unidades de la Secretar\u00eda de Salud. De igual manera, se cuenta con abasto suficiente para atender a quienes sean diagnosticados con la enfermedad.  <br> El proceso de compra de antirretrovirales para este 2019, no ha afectado la dotaci\u00f3n ni comprometido la salud de las personas que reciben, o recibir\u00e1n, atenci\u00f3n y tratamiento.<br> Asimismo, se inform\u00f3 que el personal a cargo de la l\u00ednea de whatsApp, encargado de la recepci\u00f3n de quejas de desabasto, no ha reportado un solo evento verificado de falta de medicamentos ARV.<br> Con el fin de continuar garantizando la dotaci\u00f3n de antirretrovirales mientras se concluye el proceso de compra, se llevan a cabo procesos de redistribuci\u00f3n de medicamento, asignaci\u00f3n de esquemas de tratamiento e informaci\u00f3n para la prescripci\u00f3n, modificaci\u00f3n y entrega.<br> Est\u00e1n en curso los mecanismos para mantener el abasto de antirretrovirales en todo el pa\u00eds, ya sea mediante compras de adjudicaci\u00f3n directa, la licitaci\u00f3n p\u00fablica internacional abierta o el apoyo de otras instituciones p\u00fablicas de salud.<br> Ante esta situaci\u00f3n, el CENSIDA reitera que los medicamentos adquiridos por licitaci\u00f3n se encuentran cubiertos hasta principios de junio de 2019.<br> En el caso de los medicamentos de patente, se cuenta con un abasto suficiente para atender la demanda hasta principios de mayo de 2019. Mientras se espera que en este mes se inicie la primera entrega de antiretrovirales, adquiridos por adjudicaci\u00f3n directa.<br> De esta forma, se evita el desabasto de medicamentos para las personas que viven con VIH atendidas por la Secretar\u00eda de Salud.<br> Asimismo, se dio a conocer que el pasado 31 de marzo, concluy\u00f3 el ejercicio de los contratos 2018-2019 para la compra de medicamentos antirretrovirales adquiridos a trav\u00e9s del Fondo de Gastos Catastr\u00f3ficos.<\/p>\n","protected":false},"excerpt":{"rendered":"<p>[Redacci\u00f3n] El proceso de compra de antirretrovirales para este 2019, no ha afectado la dotaci\u00f3n ni compromete la salud de los pacientes. Personal encargado de la recepci\u00f3n de quejas de desabasto, no ha reportado un solo evento verificado de falta de medicamentos ARV. Ciudad d M\u00e9xico.- El Centro Nacional para la Prevenci\u00f3n y el Control [&hellip;]<\/p>\n","protected":false},"author":1,"featured_media":138101,"comment_status":"open","ping_status":"open","sticky":false,"template":"","format":"standard","meta":{"footnotes":""},"categories":[8],"tags":[],"class_list":["post-138100","post","type-post","status-publish","format-standard","has-post-thumbnail","hentry","category-pais","entry","has-media"],"jetpack_featured_media_url":"http:\/\/vertienteglobal.com\/wp-content\/uploads\/2019\/04\/Abasto-suficiente-de-antirretrovirales.jpeg","_links":{"self":[{"href":"http:\/\/vertienteglobal.com\/index.php?rest_route=\/wp\/v2\/posts\/138100","targetHints":{"allow":["GET"]}}],"collection":[{"href":"http:\/\/vertienteglobal.com\/index.php?rest_route=\/wp\/v2\/posts"}],"about":[{"href":"http:\/\/vertienteglobal.com\/index.php?rest_route=\/wp\/v2\/types\/post"}],"author":[{"embeddable":true,"href":"http:\/\/vertienteglobal.com\/index.php?rest_route=\/wp\/v2\/users\/1"}],"replies":[{"embeddable":true,"href":"http:\/\/vertienteglobal.com\/index.php?rest_route=%2Fwp%2Fv2%2Fcomments&post=138100"}],"version-history":[{"count":0,"href":"http:\/\/vertienteglobal.com\/index.php?rest_route=\/wp\/v2\/posts\/138100\/revisions"}],"wp:featuredmedia":[{"embeddable":true,"href":"http:\/\/vertienteglobal.com\/index.php?rest_route=\/wp\/v2\/media\/138101"}],"wp:attachment":[{"href":"http:\/\/vertienteglobal.com\/index.php?rest_route=%2Fwp%2Fv2%2Fmedia&parent=138100"}],"wp:term":[{"taxonomy":"category","embeddable":true,"href":"http:\/\/vertienteglobal.com\/index.php?rest_route=%2Fwp%2Fv2%2Fcategories&post=138100"},{"taxonomy":"post_tag","embeddable":true,"href":"http:\/\/vertienteglobal.com\/index.php?rest_route=%2Fwp%2Fv2%2Ftags&post=138100"}],"curies":[{"name":"wp","href":"https:\/\/api.w.org\/{rel}","templated":true}]}}