{"id":137773,"date":"2019-04-12T21:54:16","date_gmt":"2019-04-13T02:54:16","guid":{"rendered":"http:\/\/vertienteglobal.com\/?p=137773"},"modified":"2019-04-13T02:55:27","modified_gmt":"2019-04-13T07:55:27","slug":"estoy-entregado-al-pais-para-que-mejore-arturo-abreu-marin","status":"publish","type":"post","link":"http:\/\/vertienteglobal.com\/?p=137773","title":{"rendered":"Estoy entregado al pa\u00eds, para que mejore: Arturo Abreu Mar\u00edn"},"content":{"rendered":"\n<div class=\"twitterbutton\" style=\"float: right; padding-left: 5px;\"><a href=\"http:\/\/twitter.com\/share\" class=\"twitter-share-button\" data-count=\"horizontal\" data-text=\"Estoy entregado al pa\u00eds, para que mejore: Arturo Abreu Mar\u00edn\" data-via=\"https:\/\/twitter.com\/VertienteGloba1\" data-url=\"http:\/\/vertienteglobal.com\/?p=137773\" data-lang=\"es\" data-related=\"Informaci\u00f3n general:S\u00edguenos para que est\u00e9ss informado\"><\/a><\/div>\n<figure class=\"wp-block-image\"><img loading=\"lazy\" decoding=\"async\" width=\"600\" height=\"360\" src=\"http:\/\/vertienteglobal.com\/wp-content\/uploads\/2019\/04\/Arturo-Abreu-Mar\u00edn-enlace.jpg\" alt=\"\" class=\"wp-image-137774\" srcset=\"http:\/\/vertienteglobal.com\/wp-content\/uploads\/2019\/04\/Arturo-Abreu-Mar\u00edn-enlace.jpg 600w, http:\/\/vertienteglobal.com\/wp-content\/uploads\/2019\/04\/Arturo-Abreu-Mar\u00edn-enlace-150x90.jpg 150w, http:\/\/vertienteglobal.com\/wp-content\/uploads\/2019\/04\/Arturo-Abreu-Mar\u00edn-enlace-300x180.jpg 300w\" sizes=\"auto, (max-width: 600px) 100vw, 600px\" \/><\/figure>\n\n\n\n<p> [Redacci\u00f3n]<br> Manifest\u00f3 que esta acci\u00f3n de reducci\u00f3n de delegaciones, de 73 a 24, va a beneficiar econ\u00f3micamente al estado, ya que se van a ahorrar un gasto de m\u00e1s del 50% en salarios, adem\u00e1s de que los beneficios llegan m\u00e1s r\u00e1pido a los mismos ciudadanos, quienes van a ser los m\u00e1s beneficiados al eliminar tanta burocracia<br> Canc\u00fan, Quintana Roo.- El enlace en Quintana Roo del gobierno federal, Arturo Abreu Mar\u00edn, dejo en claro: \u201cLos de mi partido me acusan de que estoy entregado al estado, pero estoy entregado al pa\u00eds\u201d.<br> Y es que entrevistado por diversos medios de comunicaci\u00f3n, luego de ser cuestionado acerca de su relaci\u00f3n con el gobierno de Carlos Joaqu\u00edn, asegurando que se ha tenido nula resistencia ante su figura, sostuvo: \u201cPuede que haya habido resistencia dentro de los representantes de cada delegaci\u00f3n, pero del gobierno del estado ha sido desde el principio magnifico. Estamos entregados al pa\u00eds para que el pa\u00eds mejore, no tenemos que venir a pelear que valgamos uno m\u00e1s que el otro, absolutamente vamos a colaborar en todo\u201d.<br> Cuestionado en cuanto a las declaraciones de la senadora Marybel Villegas, quien dijo que no hab\u00eda representaci\u00f3n federal en Quintana Roo, Abreu Marin, se\u00f1al\u00f3: \u201cseguramente se refer\u00eda a la Polic\u00eda federal, al Ej\u00e9rcito, a la Armada y a m\u00ed, es un pensamiento pol\u00edtico y recuerden que muchos est\u00e1n madrugando a la gubernatura, est\u00e1n adelant\u00e1ndose a los tiempos\u201d.<br> Dijo que como prueba de la buena relaci\u00f3n que se tiene con el gobierno estatal, ya se est\u00e1n entregando todos los beneficios del gobierno federal en el estado, tanto en el aspecto agropecuario como social, as\u00ed como la implementaci\u00f3n de los nuevos programas de esta administraci\u00f3n, como J\u00f3venes Construyendo el Futuro.<br> Explico: \u201cTodo lo que se ten\u00eda previsto se est\u00e1 entregando, pero si aparecen m\u00e1s vamos a tener suficientes fondos para poder lograrlo. En nuestra delegaci\u00f3n o coordinaci\u00f3n, nos vamos a dividir en cuatro grandes pilares y quedar\u00e1n solo 24 representaciones federales, que van a incluir las que antes eran ramas en solamente una\u201d.<br> Manifest\u00f3 que esta acci\u00f3n de reducci\u00f3n de delegaciones, de 73 a 24, va a beneficiar econ\u00f3micamente al estado, ya que se van a ahorrar un gasto de m\u00e1s del 50% en salarios, adem\u00e1s de que los beneficios llegan m\u00e1s r\u00e1pido a los mismos ciudadanos, quienes van a ser los m\u00e1s beneficiados al eliminar tanta burocracia.<br> Asimismo, puso como ejemplo a SEMARNAT, que tiene cuatro o cinco ramas internas, que jalan independientemente, por lo que ahora se unificaron y se pudieron ahorrar espacios de trabajo, aunque aclar\u00f3 que no se est\u00e1n eliminando, sino que se evita duplicar funciones.<br> Detall\u00f3: \u201cY as\u00ed te puedo decir de cada una de las secretar\u00edas que se van a ir consolidando y se va a evitar que existan 73 jefes, y ahora ser\u00e1n solo 24 y los que dependan directamente de m\u00ed. Son los sueldos altos los que se est\u00e1n bajando, porque los sindicalizados de base y personal de confianza que haya laborado sin problema se mantienen\u201d.<br> Afirm\u00f3: \u201cNo importa el ahorro, lo que importa es que se evita que la persona que quiere hacer un tr\u00e1mite, solo vaya a una ventanilla para lograrlo, ese es el que va a gastar menos al no dar vuelta por todos lados\u201d.<br> Por ultimo y en cuanto a los movimientos laborales, agreg\u00f3 que hay mucho personal que se fue moviendo a otras funciones o a otras delegaciones, incluso hay quienes se fueron a la Ciudad de M\u00e9xico a buscar empleo en otras dependencias de forma central, dependiendo sus habilidades, el de Condusef, por ejemplo, ya est\u00e1 en el agrario nacional, \u00f3sea son cosas de ese tipo.<\/p>\n","protected":false},"excerpt":{"rendered":"<p>[Redacci\u00f3n] Manifest\u00f3 que esta acci\u00f3n de reducci\u00f3n de delegaciones, de 73 a 24, va a beneficiar econ\u00f3micamente al estado, ya que se van a ahorrar un gasto de m\u00e1s del 50% en salarios, adem\u00e1s de que los beneficios llegan m\u00e1s r\u00e1pido a los mismos ciudadanos, quienes van a ser los m\u00e1s beneficiados al eliminar tanta [&hellip;]<\/p>\n","protected":false},"author":1,"featured_media":137774,"comment_status":"open","ping_status":"open","sticky":false,"template":"","format":"standard","meta":{"footnotes":""},"categories":[3],"tags":[],"class_list":["post-137773","post","type-post","status-publish","format-standard","has-post-thumbnail","hentry","category-quintana-roo","entry","has-media"],"jetpack_featured_media_url":"http:\/\/vertienteglobal.com\/wp-content\/uploads\/2019\/04\/Arturo-Abreu-Mar\u00edn-enlace.jpg","_links":{"self":[{"href":"http:\/\/vertienteglobal.com\/index.php?rest_route=\/wp\/v2\/posts\/137773","targetHints":{"allow":["GET"]}}],"collection":[{"href":"http:\/\/vertienteglobal.com\/index.php?rest_route=\/wp\/v2\/posts"}],"about":[{"href":"http:\/\/vertienteglobal.com\/index.php?rest_route=\/wp\/v2\/types\/post"}],"author":[{"embeddable":true,"href":"http:\/\/vertienteglobal.com\/index.php?rest_route=\/wp\/v2\/users\/1"}],"replies":[{"embeddable":true,"href":"http:\/\/vertienteglobal.com\/index.php?rest_route=%2Fwp%2Fv2%2Fcomments&post=137773"}],"version-history":[{"count":0,"href":"http:\/\/vertienteglobal.com\/index.php?rest_route=\/wp\/v2\/posts\/137773\/revisions"}],"wp:featuredmedia":[{"embeddable":true,"href":"http:\/\/vertienteglobal.com\/index.php?rest_route=\/wp\/v2\/media\/137774"}],"wp:attachment":[{"href":"http:\/\/vertienteglobal.com\/index.php?rest_route=%2Fwp%2Fv2%2Fmedia&parent=137773"}],"wp:term":[{"taxonomy":"category","embeddable":true,"href":"http:\/\/vertienteglobal.com\/index.php?rest_route=%2Fwp%2Fv2%2Fcategories&post=137773"},{"taxonomy":"post_tag","embeddable":true,"href":"http:\/\/vertienteglobal.com\/index.php?rest_route=%2Fwp%2Fv2%2Ftags&post=137773"}],"curies":[{"name":"wp","href":"https:\/\/api.w.org\/{rel}","templated":true}]}}