{"id":137763,"date":"2019-04-12T20:49:51","date_gmt":"2019-04-13T01:49:51","guid":{"rendered":"http:\/\/vertienteglobal.com\/?p=137763"},"modified":"2019-04-13T02:31:03","modified_gmt":"2019-04-13T07:31:03","slug":"estados-unidos-va-a-invertir-en-el-sureste-para-impulsar-el-desarrollo-amlo","status":"publish","type":"post","link":"http:\/\/vertienteglobal.com\/?p=137763","title":{"rendered":"Estados Unidos va a invertir en el sureste para impulsar el desarrollo: AMLO"},"content":{"rendered":"\n<div class=\"twitterbutton\" style=\"float: right; padding-left: 5px;\"><a href=\"http:\/\/twitter.com\/share\" class=\"twitter-share-button\" data-count=\"horizontal\" data-text=\"Estados Unidos va a invertir en el sureste para impulsar el desarrollo: AMLO\" data-via=\"https:\/\/twitter.com\/VertienteGloba1\" data-url=\"http:\/\/vertienteglobal.com\/?p=137763\" data-lang=\"es\" data-related=\"Informaci\u00f3n general:S\u00edguenos para que est\u00e9ss informado\"><\/a><\/div>\n<figure class=\"wp-block-image\"><img loading=\"lazy\" decoding=\"async\" width=\"600\" height=\"372\" src=\"http:\/\/vertienteglobal.com\/wp-content\/uploads\/2019\/04\/Estados-Unidos-va-a-invertir-en-el-sureste-para-impulsar-el-desarrollo-AMLO.jpg\" alt=\"\" class=\"wp-image-137764\" srcset=\"http:\/\/vertienteglobal.com\/wp-content\/uploads\/2019\/04\/Estados-Unidos-va-a-invertir-en-el-sureste-para-impulsar-el-desarrollo-AMLO.jpg 600w, http:\/\/vertienteglobal.com\/wp-content\/uploads\/2019\/04\/Estados-Unidos-va-a-invertir-en-el-sureste-para-impulsar-el-desarrollo-AMLO-150x93.jpg 150w, http:\/\/vertienteglobal.com\/wp-content\/uploads\/2019\/04\/Estados-Unidos-va-a-invertir-en-el-sureste-para-impulsar-el-desarrollo-AMLO-300x186.jpg 300w\" sizes=\"auto, (max-width: 600px) 100vw, 600px\" \/><\/figure>\n\n\n\n<p> [Redacci\u00f3n]<br> El presidente adelant\u00f3 que en Ticul se construir\u00e1 una universidad del sistema Benito Ju\u00e1rez<br> Ticul, Yucat\u00e1n.- El presidente Andr\u00e9s Manuel L\u00f3pez Obrador asegur\u00f3 que empresarios de los Estados Unidos mostraron inter\u00e9s en invertir en proyectos del sureste mexicano.<br> Aqu\u00ed, L\u00f3pez Obrador fue testigo de la firma del acuerdo entre representantes de c\u00e1maras de comercio de M\u00e9xico y de Estados Unidos para fomentar las inversiones entre ambos pa\u00edses.<br> El mandatario federal dijo: \u201cAprovecho para adelantar que va a haber desarrollo urbano en progreso, y para decirles que se  va a construir el Tren Maya. Tuvimos en M\u00e9rida un encuentro estuvo entre otros el secretario de comercio del Gobierno de Estados Unidos y el presidente de la C\u00e1mara de Comercio de Estados Unidos y uno de los inversionistas m\u00e1s importantes del mundo, y llegamos al acuerdo de que se  va a invertir en el sureste para impulsar el desarrollo de los estados del sureste\u201d.<br> El presidente adelant\u00f3 que en Ticul se construir\u00e1 una universidad del sistema Benito Ju\u00e1rez.<\/p>\n","protected":false},"excerpt":{"rendered":"<p>[Redacci\u00f3n] El presidente adelant\u00f3 que en Ticul se construir\u00e1 una universidad del sistema Benito Ju\u00e1rez Ticul, Yucat\u00e1n.- El presidente Andr\u00e9s Manuel L\u00f3pez Obrador asegur\u00f3 que empresarios de los Estados Unidos mostraron inter\u00e9s en invertir en proyectos del sureste mexicano. Aqu\u00ed, L\u00f3pez Obrador fue testigo de la firma del acuerdo entre representantes de c\u00e1maras de comercio [&hellip;]<\/p>\n","protected":false},"author":1,"featured_media":137764,"comment_status":"open","ping_status":"open","sticky":false,"template":"","format":"standard","meta":{"footnotes":""},"categories":[2],"tags":[],"class_list":["post-137763","post","type-post","status-publish","format-standard","has-post-thumbnail","hentry","category-yucatan","entry","has-media"],"jetpack_featured_media_url":"http:\/\/vertienteglobal.com\/wp-content\/uploads\/2019\/04\/Estados-Unidos-va-a-invertir-en-el-sureste-para-impulsar-el-desarrollo-AMLO.jpg","_links":{"self":[{"href":"http:\/\/vertienteglobal.com\/index.php?rest_route=\/wp\/v2\/posts\/137763","targetHints":{"allow":["GET"]}}],"collection":[{"href":"http:\/\/vertienteglobal.com\/index.php?rest_route=\/wp\/v2\/posts"}],"about":[{"href":"http:\/\/vertienteglobal.com\/index.php?rest_route=\/wp\/v2\/types\/post"}],"author":[{"embeddable":true,"href":"http:\/\/vertienteglobal.com\/index.php?rest_route=\/wp\/v2\/users\/1"}],"replies":[{"embeddable":true,"href":"http:\/\/vertienteglobal.com\/index.php?rest_route=%2Fwp%2Fv2%2Fcomments&post=137763"}],"version-history":[{"count":0,"href":"http:\/\/vertienteglobal.com\/index.php?rest_route=\/wp\/v2\/posts\/137763\/revisions"}],"wp:featuredmedia":[{"embeddable":true,"href":"http:\/\/vertienteglobal.com\/index.php?rest_route=\/wp\/v2\/media\/137764"}],"wp:attachment":[{"href":"http:\/\/vertienteglobal.com\/index.php?rest_route=%2Fwp%2Fv2%2Fmedia&parent=137763"}],"wp:term":[{"taxonomy":"category","embeddable":true,"href":"http:\/\/vertienteglobal.com\/index.php?rest_route=%2Fwp%2Fv2%2Fcategories&post=137763"},{"taxonomy":"post_tag","embeddable":true,"href":"http:\/\/vertienteglobal.com\/index.php?rest_route=%2Fwp%2Fv2%2Ftags&post=137763"}],"curies":[{"name":"wp","href":"https:\/\/api.w.org\/{rel}","templated":true}]}}