{"id":137387,"date":"2019-04-05T21:24:16","date_gmt":"2019-04-06T03:24:16","guid":{"rendered":"http:\/\/vertienteglobal.com\/?p=137387"},"modified":"2019-04-07T11:25:16","modified_gmt":"2019-04-07T16:25:16","slug":"se-reunio-fiscal-general-del-estado-con-dignatarios-de-la-zona-maya-de-quintana-roo","status":"publish","type":"post","link":"http:\/\/vertienteglobal.com\/?p=137387","title":{"rendered":"Se reuni\u00f3 Fiscal General del Estado con dignatarios de la Zona Maya de Quintana Roo"},"content":{"rendered":"\n<div class=\"twitterbutton\" style=\"float: right; padding-left: 5px;\"><a href=\"http:\/\/twitter.com\/share\" class=\"twitter-share-button\" data-count=\"horizontal\" data-text=\"Se reuni\u00f3 Fiscal General del Estado con dignatarios de la Zona Maya de Quintana...\" data-via=\"https:\/\/twitter.com\/VertienteGloba1\" data-url=\"http:\/\/vertienteglobal.com\/?p=137387\" data-lang=\"es\" data-related=\"Informaci\u00f3n general:S\u00edguenos para que est\u00e9ss informado\"><\/a><\/div>\n<figure class=\"wp-block-image\"><img loading=\"lazy\" decoding=\"async\" width=\"600\" height=\"349\" src=\"http:\/\/vertienteglobal.com\/wp-content\/uploads\/2019\/04\/Fiscal-con-mayas.jpg\" alt=\"\" class=\"wp-image-137388\" srcset=\"http:\/\/vertienteglobal.com\/wp-content\/uploads\/2019\/04\/Fiscal-con-mayas.jpg 600w, http:\/\/vertienteglobal.com\/wp-content\/uploads\/2019\/04\/Fiscal-con-mayas-150x87.jpg 150w, http:\/\/vertienteglobal.com\/wp-content\/uploads\/2019\/04\/Fiscal-con-mayas-300x175.jpg 300w\" sizes=\"auto, (max-width: 600px) 100vw, 600px\" \/><\/figure>\n\n\n\n<p> [Redacci\u00f3n] <br> Representantes de centros ceremoniales agradecieron la invitaci\u00f3n<br> Chetumal  Roo.- El Fiscal General del Estado, Maestro \u00d3scar Montes de Oca Rosales,  sostuvo una reuni\u00f3n con dignatarios de cinco centros ceremoniales de la Zona Maya del Estado de Quintana Roo a quienes extern\u00f3 su compromiso de  visitarlos  pr\u00f3ximamente en sus comunidades.<br> La reuni\u00f3n en la que por vez primera, un fiscal General del Estado se re\u00fane con dignatarios mayas, se realiz\u00f3 en esta ciudad capital. A esta tambi\u00e9n acudi\u00f3 la directora General del Instituto para el Desarrollo de los Pueblos Ind\u00edgenas, Maestra Delta Moo.<br> En representaci\u00f3n del Gran Consejo Maya, Sim\u00f3n Caamal Coh del centro ceremonial de Chump\u00f3n, agradeci\u00f3 al Fiscal General del Estado la invitaci\u00f3n en la estuvieron presentes sacerdotes, comandantes y generales mayas de Tixcacal Guardia, Chanc\u00e1 Veracruz y La Cruz Parlante quienes le solicitaron al fiscal  su apoyo en sus tradiciones, usos y costumbres.<\/p>\n","protected":false},"excerpt":{"rendered":"<p>[Redacci\u00f3n] Representantes de centros ceremoniales agradecieron la invitaci\u00f3n Chetumal Roo.- El Fiscal General del Estado, Maestro \u00d3scar Montes de Oca Rosales, sostuvo una reuni\u00f3n con dignatarios de cinco centros ceremoniales de la Zona Maya del Estado de Quintana Roo a quienes extern\u00f3 su compromiso de visitarlos pr\u00f3ximamente en sus comunidades. La reuni\u00f3n en la que [&hellip;]<\/p>\n","protected":false},"author":1,"featured_media":137388,"comment_status":"open","ping_status":"open","sticky":false,"template":"","format":"standard","meta":{"footnotes":""},"categories":[3],"tags":[],"class_list":["post-137387","post","type-post","status-publish","format-standard","has-post-thumbnail","hentry","category-quintana-roo","entry","has-media"],"jetpack_featured_media_url":"http:\/\/vertienteglobal.com\/wp-content\/uploads\/2019\/04\/Fiscal-con-mayas.jpg","_links":{"self":[{"href":"http:\/\/vertienteglobal.com\/index.php?rest_route=\/wp\/v2\/posts\/137387","targetHints":{"allow":["GET"]}}],"collection":[{"href":"http:\/\/vertienteglobal.com\/index.php?rest_route=\/wp\/v2\/posts"}],"about":[{"href":"http:\/\/vertienteglobal.com\/index.php?rest_route=\/wp\/v2\/types\/post"}],"author":[{"embeddable":true,"href":"http:\/\/vertienteglobal.com\/index.php?rest_route=\/wp\/v2\/users\/1"}],"replies":[{"embeddable":true,"href":"http:\/\/vertienteglobal.com\/index.php?rest_route=%2Fwp%2Fv2%2Fcomments&post=137387"}],"version-history":[{"count":0,"href":"http:\/\/vertienteglobal.com\/index.php?rest_route=\/wp\/v2\/posts\/137387\/revisions"}],"wp:featuredmedia":[{"embeddable":true,"href":"http:\/\/vertienteglobal.com\/index.php?rest_route=\/wp\/v2\/media\/137388"}],"wp:attachment":[{"href":"http:\/\/vertienteglobal.com\/index.php?rest_route=%2Fwp%2Fv2%2Fmedia&parent=137387"}],"wp:term":[{"taxonomy":"category","embeddable":true,"href":"http:\/\/vertienteglobal.com\/index.php?rest_route=%2Fwp%2Fv2%2Fcategories&post=137387"},{"taxonomy":"post_tag","embeddable":true,"href":"http:\/\/vertienteglobal.com\/index.php?rest_route=%2Fwp%2Fv2%2Ftags&post=137387"}],"curies":[{"name":"wp","href":"https:\/\/api.w.org\/{rel}","templated":true}]}}