{"id":137319,"date":"2019-04-04T18:48:01","date_gmt":"2019-04-05T00:48:01","guid":{"rendered":"http:\/\/vertienteglobal.com\/?p=137319"},"modified":"2019-04-06T08:09:00","modified_gmt":"2019-04-06T14:09:00","slug":"debera-pemex-informar-sobre-gasolina-importada-en-ultimos-cinco-anos","status":"publish","type":"post","link":"http:\/\/vertienteglobal.com\/?p=137319","title":{"rendered":"Deber\u00e1 PEMEX informar sobre gasolina importada en \u00faltimos cinco a\u00f1os"},"content":{"rendered":"\n<div class=\"twitterbutton\" style=\"float: right; padding-left: 5px;\"><a href=\"http:\/\/twitter.com\/share\" class=\"twitter-share-button\" data-count=\"horizontal\" data-text=\"Deber\u00e1 PEMEX informar sobre gasolina importada en \u00faltimos cinco a\u00f1os\" data-via=\"https:\/\/twitter.com\/VertienteGloba1\" data-url=\"http:\/\/vertienteglobal.com\/?p=137319\" data-lang=\"es\" data-related=\"Informaci\u00f3n general:S\u00edguenos para que est\u00e9ss informado\"><\/a><\/div>\n<figure class=\"wp-block-image\"><img loading=\"lazy\" decoding=\"async\" width=\"600\" height=\"360\" src=\"http:\/\/vertienteglobal.com\/wp-content\/uploads\/2019\/04\/pemex-gasolina.jpg\" alt=\"\" class=\"wp-image-137320\" srcset=\"http:\/\/vertienteglobal.com\/wp-content\/uploads\/2019\/04\/pemex-gasolina.jpg 600w, http:\/\/vertienteglobal.com\/wp-content\/uploads\/2019\/04\/pemex-gasolina-150x90.jpg 150w, http:\/\/vertienteglobal.com\/wp-content\/uploads\/2019\/04\/pemex-gasolina-300x180.jpg 300w\" sizes=\"auto, (max-width: 600px) 100vw, 600px\" \/><\/figure>\n\n\n\n<p> [Redacci\u00f3n]<br> En la sesi\u00f3n del pleno del INAI, el comisionado Joel Salas Su\u00e1rez se\u00f1al\u00f3 que un particular le solicit\u00f3 a Pemex dicha informaci\u00f3n y al responder, le indic\u00f3 que la cantidad de barriles importados de 2014 a noviembre de 2018 es p\u00fablica<br> Ciudad de M\u00e9xico.- Petr\u00f3leos Mexicanos (Pemex) deber\u00e1 hacer p\u00fablica la cantidad de barriles de gasolina importados desde Estados Unidos en el \u00faltimo lustro.<br> Y deber\u00e1 dar a conocer el pron\u00f3stico del n\u00famero de barriles que se solicitar\u00e1n en los pr\u00f3ximos seis a\u00f1os, orden\u00f3 el Instituto Nacional de Transparencia, Acceso a la informaci\u00f3n y Protecci\u00f3n de Datos Personales (INAI).<br> En la sesi\u00f3n del pleno del INAI, el comisionado Joel Salas Su\u00e1rez se\u00f1al\u00f3 que un particular le solicit\u00f3 a Pemex dicha informaci\u00f3n y al responder, le indic\u00f3 que la cantidad de barriles importados de 2014 a noviembre de 2018 es p\u00fablica.<br> En el an\u00e1lisis del caso, el comisionado Salas Su\u00e1rez se\u00f1al\u00f3 que a trav\u00e9s de documentos oficiales y conferencias de prensa, el actual gobierno ya hab\u00eda dado la informaci\u00f3n requerida, por lo que propuso modificar la respuesta de Pemex y ordenarle la entrega completa de los datos solicitados por el particular.<\/p>\n","protected":false},"excerpt":{"rendered":"<p>[Redacci\u00f3n] En la sesi\u00f3n del pleno del INAI, el comisionado Joel Salas Su\u00e1rez se\u00f1al\u00f3 que un particular le solicit\u00f3 a Pemex dicha informaci\u00f3n y al responder, le indic\u00f3 que la cantidad de barriles importados de 2014 a noviembre de 2018 es p\u00fablica Ciudad de M\u00e9xico.- Petr\u00f3leos Mexicanos (Pemex) deber\u00e1 hacer p\u00fablica la cantidad de barriles [&hellip;]<\/p>\n","protected":false},"author":1,"featured_media":137320,"comment_status":"open","ping_status":"open","sticky":false,"template":"","format":"standard","meta":{"footnotes":""},"categories":[8],"tags":[],"class_list":["post-137319","post","type-post","status-publish","format-standard","has-post-thumbnail","hentry","category-pais","entry","has-media"],"jetpack_featured_media_url":"http:\/\/vertienteglobal.com\/wp-content\/uploads\/2019\/04\/pemex-gasolina.jpg","_links":{"self":[{"href":"http:\/\/vertienteglobal.com\/index.php?rest_route=\/wp\/v2\/posts\/137319","targetHints":{"allow":["GET"]}}],"collection":[{"href":"http:\/\/vertienteglobal.com\/index.php?rest_route=\/wp\/v2\/posts"}],"about":[{"href":"http:\/\/vertienteglobal.com\/index.php?rest_route=\/wp\/v2\/types\/post"}],"author":[{"embeddable":true,"href":"http:\/\/vertienteglobal.com\/index.php?rest_route=\/wp\/v2\/users\/1"}],"replies":[{"embeddable":true,"href":"http:\/\/vertienteglobal.com\/index.php?rest_route=%2Fwp%2Fv2%2Fcomments&post=137319"}],"version-history":[{"count":0,"href":"http:\/\/vertienteglobal.com\/index.php?rest_route=\/wp\/v2\/posts\/137319\/revisions"}],"wp:featuredmedia":[{"embeddable":true,"href":"http:\/\/vertienteglobal.com\/index.php?rest_route=\/wp\/v2\/media\/137320"}],"wp:attachment":[{"href":"http:\/\/vertienteglobal.com\/index.php?rest_route=%2Fwp%2Fv2%2Fmedia&parent=137319"}],"wp:term":[{"taxonomy":"category","embeddable":true,"href":"http:\/\/vertienteglobal.com\/index.php?rest_route=%2Fwp%2Fv2%2Fcategories&post=137319"},{"taxonomy":"post_tag","embeddable":true,"href":"http:\/\/vertienteglobal.com\/index.php?rest_route=%2Fwp%2Fv2%2Ftags&post=137319"}],"curies":[{"name":"wp","href":"https:\/\/api.w.org\/{rel}","templated":true}]}}