{"id":137261,"date":"2019-04-03T16:50:00","date_gmt":"2019-04-03T22:50:00","guid":{"rendered":"http:\/\/vertienteglobal.com\/?p=137261"},"modified":"2019-04-03T22:54:34","modified_gmt":"2019-04-04T04:54:34","slug":"senadores-vuelven-a-rechazar-ternas-de-amlo-para-la-cre","status":"publish","type":"post","link":"http:\/\/vertienteglobal.com\/?p=137261","title":{"rendered":"Senadores vuelven a rechazar ternas de AMLO para la CRE"},"content":{"rendered":"\n<div class=\"twitterbutton\" style=\"float: right; padding-left: 5px;\"><a href=\"http:\/\/twitter.com\/share\" class=\"twitter-share-button\" data-count=\"horizontal\" data-text=\"Senadores vuelven a rechazar ternas de AMLO para la CRE\" data-via=\"https:\/\/twitter.com\/VertienteGloba1\" data-url=\"http:\/\/vertienteglobal.com\/?p=137261\" data-lang=\"es\" data-related=\"Informaci\u00f3n general:S\u00edguenos para que est\u00e9ss informado\"><\/a><\/div>\n<figure class=\"wp-block-image\"><img loading=\"lazy\" decoding=\"async\" width=\"600\" height=\"359\" src=\"http:\/\/vertienteglobal.com\/wp-content\/uploads\/2019\/04\/Senado-rechaza-otra-vez-ternas-para-la-CRE.jpg\" alt=\"\" class=\"wp-image-137262\" srcset=\"http:\/\/vertienteglobal.com\/wp-content\/uploads\/2019\/04\/Senado-rechaza-otra-vez-ternas-para-la-CRE.jpg 600w, http:\/\/vertienteglobal.com\/wp-content\/uploads\/2019\/04\/Senado-rechaza-otra-vez-ternas-para-la-CRE-150x90.jpg 150w, http:\/\/vertienteglobal.com\/wp-content\/uploads\/2019\/04\/Senado-rechaza-otra-vez-ternas-para-la-CRE-300x180.jpg 300w\" sizes=\"auto, (max-width: 600px) 100vw, 600px\" \/><\/figure>\n\n\n\n<p> [Redacci\u00f3n]<br> Batres Guadarrama destac\u00f3 que de \u00faltimo momento se autoriz\u00f3 por miembros de Morena y su coalici\u00f3n que conforman la Mesa Directiva para introducir en el orden del d\u00eda la votaci\u00f3n de la CRE<br> Ciudad de M\u00e9xico.- Tras acalorada discusi\u00f3n para dar entrada en la sesi\u00f3n al desahogo de este pendiente, el Pleno del Senado desech\u00f3 por segunda ocasi\u00f3n las ternas para ocupar cuatro vacantes de la Comisi\u00f3n Reguladora de Energ\u00eda (CRE).<br> Y es que ninguno de los doce aspirantes alcanz\u00f3 dos tercios de los votos de los senadores, por lo que ahora corresponder\u00e1 al presidente de la Rep\u00fablica hacer la designaci\u00f3n directa de las cuatro vacantes de la CRE.<br> Asimismo, los aspirantes que obtuvieron el mayor n\u00famero de votos fueron Jos\u00e9 Alberto Celestino con 67; Luis Linares, 65; Norma Leticia Campos, 64; y Guadalupe Escalante, 61; no obstante, ninguno obtuvo la mayor\u00eda calificada, porque en los cuatro casos tambi\u00e9n obtuvieron 47 votos en contra de la oposici\u00f3n.<br> Los senadores de oposici\u00f3n presentaron ante un Juzgado de Distrito en Materia Administrativa un amparo para inconformarse por el env\u00edo de las mismas ternas a candidatos a la CRE por parte del Ejecutivo Federal.<br> Una discusi\u00f3n tuvo lugar antes del debate con respecto a la orden del d\u00eda en el Senado porque legisladores de oposici\u00f3n acusaron al presidente del Senado, Mart\u00ed Batres, de alterar el orden del d\u00eda para votar las ternas de la CRE.<br> Batres Guadarrama destac\u00f3 que de \u00faltimo momento se autoriz\u00f3 por miembros de Morena y su coalici\u00f3n que conforman la Mesa Directiva para introducir en el orden del d\u00eda la votaci\u00f3n de la CRE.<\/p>\n","protected":false},"excerpt":{"rendered":"<p>[Redacci\u00f3n] Batres Guadarrama destac\u00f3 que de \u00faltimo momento se autoriz\u00f3 por miembros de Morena y su coalici\u00f3n que conforman la Mesa Directiva para introducir en el orden del d\u00eda la votaci\u00f3n de la CRE Ciudad de M\u00e9xico.- Tras acalorada discusi\u00f3n para dar entrada en la sesi\u00f3n al desahogo de este pendiente, el Pleno del Senado [&hellip;]<\/p>\n","protected":false},"author":1,"featured_media":137262,"comment_status":"open","ping_status":"open","sticky":false,"template":"","format":"standard","meta":{"footnotes":""},"categories":[8],"tags":[],"class_list":["post-137261","post","type-post","status-publish","format-standard","has-post-thumbnail","hentry","category-pais","entry","has-media"],"jetpack_featured_media_url":"http:\/\/vertienteglobal.com\/wp-content\/uploads\/2019\/04\/Senado-rechaza-otra-vez-ternas-para-la-CRE.jpg","_links":{"self":[{"href":"http:\/\/vertienteglobal.com\/index.php?rest_route=\/wp\/v2\/posts\/137261","targetHints":{"allow":["GET"]}}],"collection":[{"href":"http:\/\/vertienteglobal.com\/index.php?rest_route=\/wp\/v2\/posts"}],"about":[{"href":"http:\/\/vertienteglobal.com\/index.php?rest_route=\/wp\/v2\/types\/post"}],"author":[{"embeddable":true,"href":"http:\/\/vertienteglobal.com\/index.php?rest_route=\/wp\/v2\/users\/1"}],"replies":[{"embeddable":true,"href":"http:\/\/vertienteglobal.com\/index.php?rest_route=%2Fwp%2Fv2%2Fcomments&post=137261"}],"version-history":[{"count":0,"href":"http:\/\/vertienteglobal.com\/index.php?rest_route=\/wp\/v2\/posts\/137261\/revisions"}],"wp:featuredmedia":[{"embeddable":true,"href":"http:\/\/vertienteglobal.com\/index.php?rest_route=\/wp\/v2\/media\/137262"}],"wp:attachment":[{"href":"http:\/\/vertienteglobal.com\/index.php?rest_route=%2Fwp%2Fv2%2Fmedia&parent=137261"}],"wp:term":[{"taxonomy":"category","embeddable":true,"href":"http:\/\/vertienteglobal.com\/index.php?rest_route=%2Fwp%2Fv2%2Fcategories&post=137261"},{"taxonomy":"post_tag","embeddable":true,"href":"http:\/\/vertienteglobal.com\/index.php?rest_route=%2Fwp%2Fv2%2Ftags&post=137261"}],"curies":[{"name":"wp","href":"https:\/\/api.w.org\/{rel}","templated":true}]}}