{"id":137031,"date":"2019-03-30T21:37:50","date_gmt":"2019-03-31T03:37:50","guid":{"rendered":"http:\/\/vertienteglobal.com\/?p=137031"},"modified":"2019-03-31T03:39:19","modified_gmt":"2019-03-31T09:39:19","slug":"participa-fge-en-jornadas-por-la-paz-y-la-seguridad","status":"publish","type":"post","link":"http:\/\/vertienteglobal.com\/?p=137031","title":{"rendered":"Participa FGE en Jornadas por la Paz y la Seguridad"},"content":{"rendered":"\n<div class=\"twitterbutton\" style=\"float: right; padding-left: 5px;\"><a href=\"http:\/\/twitter.com\/share\" class=\"twitter-share-button\" data-count=\"horizontal\" data-text=\"Participa FGE en Jornadas por la Paz y la Seguridad\" data-via=\"https:\/\/twitter.com\/VertienteGloba1\" data-url=\"http:\/\/vertienteglobal.com\/?p=137031\" data-lang=\"es\" data-related=\"Informaci\u00f3n general:S\u00edguenos para que est\u00e9ss informado\"><\/a><\/div>\n<figure class=\"wp-block-image\"><img loading=\"lazy\" decoding=\"async\" width=\"600\" height=\"343\" src=\"http:\/\/vertienteglobal.com\/wp-content\/uploads\/2019\/03\/FGE-en-Jornadas-por-la-Paz-y-la-Seguridad01.jpeg\" alt=\"\" class=\"wp-image-137032\" srcset=\"http:\/\/vertienteglobal.com\/wp-content\/uploads\/2019\/03\/FGE-en-Jornadas-por-la-Paz-y-la-Seguridad01.jpeg 600w, http:\/\/vertienteglobal.com\/wp-content\/uploads\/2019\/03\/FGE-en-Jornadas-por-la-Paz-y-la-Seguridad01-150x86.jpeg 150w, http:\/\/vertienteglobal.com\/wp-content\/uploads\/2019\/03\/FGE-en-Jornadas-por-la-Paz-y-la-Seguridad01-300x172.jpeg 300w\" sizes=\"auto, (max-width: 600px) 100vw, 600px\" \/><\/figure>\n\n\n\n<p> [Redacci\u00f3n] <br> La proximidad social es una prioridad para el Fiscal General \u00d3scar Montes de Oca<br> Servidores p\u00fablicos ofrecen alternativas para la soluci\u00f3n de conflictos penales<br> Canc\u00fan, Quintana Roo.- Como parte de la estrategia seguridad implementada por el grupo de coordinaci\u00f3n estatal, la Fiscal\u00eda General del Estado participa en las \u201cJornadas por la Paz y la Seguridad\u201d con el objetivo de acercar las corporaciones encargadas de preservar la paz social, a la ciudadan\u00eda.<br> El Fiscal General, Mtro. \u00d3scar Montes de Oca Rosales acompa\u00f1\u00f3 al gobernador del estado Carlos Joaqu\u00edn Gonz\u00e1lez a la inauguraci\u00f3n de estas jornadas, cuya sede fue el estacionamiento de una concurrida plaza comercial en la regi\u00f3n 228.<br> En el m\u00f3dulo de atenci\u00f3n de la FGE, personal de la dependencia otorg\u00f3 certificados de no antecedentes penales pero tambi\u00e9n asesor\u00f3 a m\u00e1s 40 personas sobre los Mecanismos Alternos de Soluci\u00f3n de Controversias, que tienen por objetivo facilitar la soluci\u00f3n de un caso en materia penal, sin la necesidad de llegar hasta un juez.<br> La Fiscal\u00eda General del Estado, seguir\u00e1 acercando sus servicios a los quintanarroenses, para fortalecer el v\u00ednculo que facilite el acceso a la justicia.<\/p>\n","protected":false},"excerpt":{"rendered":"<p>[Redacci\u00f3n] La proximidad social es una prioridad para el Fiscal General \u00d3scar Montes de Oca Servidores p\u00fablicos ofrecen alternativas para la soluci\u00f3n de conflictos penales Canc\u00fan, Quintana Roo.- Como parte de la estrategia seguridad implementada por el grupo de coordinaci\u00f3n estatal, la Fiscal\u00eda General del Estado participa en las \u201cJornadas por la Paz y la [&hellip;]<\/p>\n","protected":false},"author":1,"featured_media":137032,"comment_status":"open","ping_status":"open","sticky":false,"template":"","format":"standard","meta":{"footnotes":""},"categories":[3],"tags":[],"class_list":["post-137031","post","type-post","status-publish","format-standard","has-post-thumbnail","hentry","category-quintana-roo","entry","has-media"],"jetpack_featured_media_url":"http:\/\/vertienteglobal.com\/wp-content\/uploads\/2019\/03\/FGE-en-Jornadas-por-la-Paz-y-la-Seguridad01.jpeg","_links":{"self":[{"href":"http:\/\/vertienteglobal.com\/index.php?rest_route=\/wp\/v2\/posts\/137031","targetHints":{"allow":["GET"]}}],"collection":[{"href":"http:\/\/vertienteglobal.com\/index.php?rest_route=\/wp\/v2\/posts"}],"about":[{"href":"http:\/\/vertienteglobal.com\/index.php?rest_route=\/wp\/v2\/types\/post"}],"author":[{"embeddable":true,"href":"http:\/\/vertienteglobal.com\/index.php?rest_route=\/wp\/v2\/users\/1"}],"replies":[{"embeddable":true,"href":"http:\/\/vertienteglobal.com\/index.php?rest_route=%2Fwp%2Fv2%2Fcomments&post=137031"}],"version-history":[{"count":0,"href":"http:\/\/vertienteglobal.com\/index.php?rest_route=\/wp\/v2\/posts\/137031\/revisions"}],"wp:featuredmedia":[{"embeddable":true,"href":"http:\/\/vertienteglobal.com\/index.php?rest_route=\/wp\/v2\/media\/137032"}],"wp:attachment":[{"href":"http:\/\/vertienteglobal.com\/index.php?rest_route=%2Fwp%2Fv2%2Fmedia&parent=137031"}],"wp:term":[{"taxonomy":"category","embeddable":true,"href":"http:\/\/vertienteglobal.com\/index.php?rest_route=%2Fwp%2Fv2%2Fcategories&post=137031"},{"taxonomy":"post_tag","embeddable":true,"href":"http:\/\/vertienteglobal.com\/index.php?rest_route=%2Fwp%2Fv2%2Ftags&post=137031"}],"curies":[{"name":"wp","href":"https:\/\/api.w.org\/{rel}","templated":true}]}}