{"id":137025,"date":"2019-03-30T19:50:09","date_gmt":"2019-03-31T01:50:09","guid":{"rendered":"http:\/\/vertienteglobal.com\/?p=137025"},"modified":"2019-03-31T03:36:04","modified_gmt":"2019-03-31T09:36:04","slug":"seran-cuatro-coordinadoras-federales-en-quintana-roo-arturo-abreu-marin","status":"publish","type":"post","link":"http:\/\/vertienteglobal.com\/?p=137025","title":{"rendered":"Ser\u00e1n cuatro coordinadoras federales en Quintana Roo: Arturo Abreu Mar\u00edn"},"content":{"rendered":"\n<div class=\"twitterbutton\" style=\"float: right; padding-left: 5px;\"><a href=\"http:\/\/twitter.com\/share\" class=\"twitter-share-button\" data-count=\"horizontal\" data-text=\"Ser\u00e1n cuatro coordinadoras federales en Quintana Roo: Arturo Abreu Mar\u00edn\" data-via=\"https:\/\/twitter.com\/VertienteGloba1\" data-url=\"http:\/\/vertienteglobal.com\/?p=137025\" data-lang=\"es\" data-related=\"Informaci\u00f3n general:S\u00edguenos para que est\u00e9ss informado\"><\/a><\/div>\n<figure class=\"wp-block-image\"><img loading=\"lazy\" decoding=\"async\" width=\"600\" height=\"375\" src=\"http:\/\/vertienteglobal.com\/wp-content\/uploads\/2019\/03\/Arturo-Abreu-Mar\u00edn.jpg\" alt=\"\" class=\"wp-image-137026\" srcset=\"http:\/\/vertienteglobal.com\/wp-content\/uploads\/2019\/03\/Arturo-Abreu-Mar\u00edn.jpg 600w, http:\/\/vertienteglobal.com\/wp-content\/uploads\/2019\/03\/Arturo-Abreu-Mar\u00edn-150x94.jpg 150w, http:\/\/vertienteglobal.com\/wp-content\/uploads\/2019\/03\/Arturo-Abreu-Mar\u00edn-300x188.jpg 300w\" sizes=\"auto, (max-width: 600px) 100vw, 600px\" \/><\/figure>\n\n\n\n<p> [Redacci\u00f3n]<br> Dijo: \u201cSe mantiene la actividad, no se mantienen a los dirigentes, se mantiene a los sindicalizados y a los de base, a los operativos, esos se mantienen. Se eliminaron delegados, subdelegados, todo lo que es de confianza\u201d<br> Canc\u00fan, Quintana Roo.- El licenciado, Arturo Abreu Mar\u00edn, sostuvo que ser\u00e1n cuatro coordinadoras en el estado las que ser\u00e1n de representaci\u00f3n del Coordinador de Representaciones y Programas Estrat\u00e9gicos del Gobierno Federal en Quintana Roo, de los cuales ya se tiene el nombramiento de quienes estar\u00e1n al frente de manera preliminar. <br> Ante los medios de comunicaci\u00f3n, el funcionario federal, se\u00f1alo  que de 73 delegaciones que se ten\u00edan en el estado se agruparon en 24 solamente, y un ejemplo es la Secretar\u00eda de Medio Ambiente y Recursos Naturales (SEMARNAT) en la cual est\u00e1n integradas PROFEPA y CONANP, entre otras.<br> Coment\u00f3: \u201cSe mantiene la actividad, no se mantienen a los dirigentes, se mantiene a los sindicalizados y a los de base, a los operativos, esos se mantienen. Se eliminaron delegados, subdelegados, todo lo que es de confianza\u201d.<br> Asimismo, y de forma preliminar se puede apreciar el organigrama de c\u00f3mo quedar\u00e1 integrado en el estado las representaciones federales, siendo seis sectores: Unidad Administraci\u00f3n y Confianza, Jur\u00eddico y Anticorrupci\u00f3n, Sector Seguridad y Gobierno, Sector Comunicaciones y Energ\u00eda, Sector Econom\u00eda, Finanzas y Administraci\u00f3n, Sector Bienestar Social.<br> Inform\u00f3 que estar\u00e1n las coordinadoras regionales, que ser\u00e1n cuatro en el estado: Rub\u00ed Canto Rosado en la Coordinadora Regional de Benito Ju\u00e1rez (que tambi\u00e9n toma parte de Puerto Morelos), Rosa Isela Velazco Gonz\u00e1lez en la Coordinadora Regional de Solidaridad (que agrupa a Isla Mujeres, L\u00e1zaro C\u00e1rdenas, Tulum y parte de Puerto Morelos), Manuel Aguilar Garc\u00eda en la Coordinadora regional de Oth\u00f3n P. Blanco (que incluye Felipe Carrillo Puerto, Jos\u00e9 Mar\u00eda Morelos y Bacalar), y Juanita Alonso en la Coordinadora Regional de Cozumel.<br> Mencion\u00f3 que hay personas que estaban por honorarios en algunos programas que desaparecieron y que ser\u00e1n quienes no tengan trabajo dentro del nuevo organigrama, aunque en muchos de los casos se est\u00e1n recontratando en otros.<br> \u201cLos que dejaron de trabajar en tal o cual programa, van a ser contratables en otros programas, ya algunos que se est\u00e1n recontratando. Solamente queda igual la plantilla de sindicalizados y de base, ahora, todav\u00eda falta hacer una selecci\u00f3n de la gente de confianza, el individuo que sea necesario se va a retener\u201d, expres\u00f3.<\/p>\n","protected":false},"excerpt":{"rendered":"<p>[Redacci\u00f3n] Dijo: \u201cSe mantiene la actividad, no se mantienen a los dirigentes, se mantiene a los sindicalizados y a los de base, a los operativos, esos se mantienen. Se eliminaron delegados, subdelegados, todo lo que es de confianza\u201d Canc\u00fan, Quintana Roo.- El licenciado, Arturo Abreu Mar\u00edn, sostuvo que ser\u00e1n cuatro coordinadoras en el estado las [&hellip;]<\/p>\n","protected":false},"author":1,"featured_media":137026,"comment_status":"open","ping_status":"open","sticky":false,"template":"","format":"standard","meta":{"footnotes":""},"categories":[3],"tags":[],"class_list":["post-137025","post","type-post","status-publish","format-standard","has-post-thumbnail","hentry","category-quintana-roo","entry","has-media"],"jetpack_featured_media_url":"http:\/\/vertienteglobal.com\/wp-content\/uploads\/2019\/03\/Arturo-Abreu-Mar\u00edn.jpg","_links":{"self":[{"href":"http:\/\/vertienteglobal.com\/index.php?rest_route=\/wp\/v2\/posts\/137025","targetHints":{"allow":["GET"]}}],"collection":[{"href":"http:\/\/vertienteglobal.com\/index.php?rest_route=\/wp\/v2\/posts"}],"about":[{"href":"http:\/\/vertienteglobal.com\/index.php?rest_route=\/wp\/v2\/types\/post"}],"author":[{"embeddable":true,"href":"http:\/\/vertienteglobal.com\/index.php?rest_route=\/wp\/v2\/users\/1"}],"replies":[{"embeddable":true,"href":"http:\/\/vertienteglobal.com\/index.php?rest_route=%2Fwp%2Fv2%2Fcomments&post=137025"}],"version-history":[{"count":0,"href":"http:\/\/vertienteglobal.com\/index.php?rest_route=\/wp\/v2\/posts\/137025\/revisions"}],"wp:featuredmedia":[{"embeddable":true,"href":"http:\/\/vertienteglobal.com\/index.php?rest_route=\/wp\/v2\/media\/137026"}],"wp:attachment":[{"href":"http:\/\/vertienteglobal.com\/index.php?rest_route=%2Fwp%2Fv2%2Fmedia&parent=137025"}],"wp:term":[{"taxonomy":"category","embeddable":true,"href":"http:\/\/vertienteglobal.com\/index.php?rest_route=%2Fwp%2Fv2%2Fcategories&post=137025"},{"taxonomy":"post_tag","embeddable":true,"href":"http:\/\/vertienteglobal.com\/index.php?rest_route=%2Fwp%2Fv2%2Ftags&post=137025"}],"curies":[{"name":"wp","href":"https:\/\/api.w.org\/{rel}","templated":true}]}}