{"id":137006,"date":"2019-03-29T22:38:24","date_gmt":"2019-03-30T04:38:24","guid":{"rendered":"http:\/\/vertienteglobal.com\/?p=137006"},"modified":"2019-03-31T02:41:24","modified_gmt":"2019-03-31T08:41:24","slug":"culmino-ciclo-internacional-de-conferencias-topicos-selectos-de-la-justicia-en-materia-penal","status":"publish","type":"post","link":"http:\/\/vertienteglobal.com\/?p=137006","title":{"rendered":"Culmin\u00f3 Ciclo Internacional de Conferencias \u201cT\u00f3picos Selectos de la Justicia en Materia Penal\u201d"},"content":{"rendered":"\n<div class=\"twitterbutton\" style=\"float: right; padding-left: 5px;\"><a href=\"http:\/\/twitter.com\/share\" class=\"twitter-share-button\" data-count=\"horizontal\" data-text=\"Culmin\u00f3 Ciclo Internacional de Conferencias \u201cT\u00f3picos Selectos de la Justicia...\" data-via=\"https:\/\/twitter.com\/VertienteGloba1\" data-url=\"http:\/\/vertienteglobal.com\/?p=137006\" data-lang=\"es\" data-related=\"Informaci\u00f3n general:S\u00edguenos para que est\u00e9ss informado\"><\/a><\/div>\n<figure class=\"wp-block-image\"><img loading=\"lazy\" decoding=\"async\" width=\"600\" height=\"390\" src=\"http:\/\/vertienteglobal.com\/wp-content\/uploads\/2019\/03\/FGE-Chetumal.jpeg\" alt=\"\" class=\"wp-image-137007\" srcset=\"http:\/\/vertienteglobal.com\/wp-content\/uploads\/2019\/03\/FGE-Chetumal.jpeg 600w, http:\/\/vertienteglobal.com\/wp-content\/uploads\/2019\/03\/FGE-Chetumal-150x98.jpeg 150w, http:\/\/vertienteglobal.com\/wp-content\/uploads\/2019\/03\/FGE-Chetumal-300x195.jpeg 300w\" sizes=\"auto, (max-width: 600px) 100vw, 600px\" \/><\/figure>\n\n\n\n<p> [Redacci\u00f3n]<br> La capacitaci\u00f3n es importante para la procuraci\u00f3n de justicia con perspectiva de g\u00e9nero<br> Las expositoras presentaron temas en materia de procuraci\u00f3n de justicia a nivel internacional<br> Chetumal, Quintana Roo.- La capacitaci\u00f3n de los servidores p\u00fablicos de la Fiscal\u00eda General del Estado como uno de los ejes centrales para otorgar una procuraci\u00f3n de justicia con perspectiva de g\u00e9nero, el respeto a los derechos  humanos y el combate  permanente de los delitos  son las premisas bajo las que  se realiz\u00f3 el Ciclo Internacional de Conferencias: \u201cT\u00f3picos Selectos de la Justicia en Materia Penal\u201d, que hoy culminaron en el auditorio de la instituci\u00f3n en esta ciudad.<br> Con la representaci\u00f3n del Fiscal General del Estado, Maestro \u00d3scar Montes de Oca Rosales, el coordinador General de Asesores Maestro Juan Jos\u00e9 Olea  Valencia agradeci\u00f3 a las especialistas de la Universidad de Salamanca, Espa\u00f1a su aportaci\u00f3n acad\u00e9mica que enriqueci\u00f3 los conocimientos del personal sustantivo de la Fiscal\u00eda y permiti\u00f3 a estudiantes, profesionistas de distintas ramas del saber y abogados, informarse de los criterios y perspectivas en temas selectos de procuraci\u00f3n de justicia con enfoque global y su an\u00e1lisis en las pol\u00edticas p\u00fablicas en M\u00e9xico.<br> Este Ciclo Internacional de Conferencias inici\u00f3 el d\u00eda 27 en la Universidad An\u00e1huac de la ciudad de Canc\u00fan, en donde la doctora y catedr\u00e1tica en derecho penal de la Universidad de Salamanca, Espa\u00f1a, Mar\u00eda de las Nieves Sanz Mulas, disert\u00f3 sobre \u201cViolencia de G\u00e9nero\u201d.<br> Posteriormente, la doctora Mar\u00eda del Pilar Teresa Jim\u00e9nez Tello, vicesecretaria general y profesora de Derecho Administrativo de la Universidad de Salamanca, trat\u00f3 el tema \u201cPol\u00edticas P\u00fablicas Preventivas en Materia de Seguridad Ciudadana\u201d.<br> El doctor Carlos Juan Daza G\u00f3mez, catedr\u00e1tico de la Facultad de Derecho de la UNAM, expuso \u201cAutor\u00eda y Participaci\u00f3n\u201d, as\u00ed como la doctora Mar\u00eda Concepci\u00f3n Gorj\u00f3n Barranco, quien desarroll\u00f3 el tema \u201cCiber criminalidad\u201d.<br> Los temas fueron replicados el d\u00eda 28 en las instalaciones de la FGE en Playa del Carmen, para culminar ayer 29 en el Auditorio de la FGE en Chetumal, en donde las especialistas recibieron reconocimientos por su participaci\u00f3n.<\/p>\n\n\n\n<figure class=\"wp-block-image\"><img loading=\"lazy\" decoding=\"async\" width=\"600\" height=\"340\" src=\"http:\/\/vertienteglobal.com\/wp-content\/uploads\/2019\/03\/FGE-CONFEENCIAS.jpeg\" alt=\"\" class=\"wp-image-137008\" srcset=\"http:\/\/vertienteglobal.com\/wp-content\/uploads\/2019\/03\/FGE-CONFEENCIAS.jpeg 600w, http:\/\/vertienteglobal.com\/wp-content\/uploads\/2019\/03\/FGE-CONFEENCIAS-150x85.jpeg 150w, http:\/\/vertienteglobal.com\/wp-content\/uploads\/2019\/03\/FGE-CONFEENCIAS-300x170.jpeg 300w\" sizes=\"auto, (max-width: 600px) 100vw, 600px\" \/><\/figure>\n","protected":false},"excerpt":{"rendered":"<p>[Redacci\u00f3n] La capacitaci\u00f3n es importante para la procuraci\u00f3n de justicia con perspectiva de g\u00e9nero Las expositoras presentaron temas en materia de procuraci\u00f3n de justicia a nivel internacional Chetumal, Quintana Roo.- La capacitaci\u00f3n de los servidores p\u00fablicos de la Fiscal\u00eda General del Estado como uno de los ejes centrales para otorgar una procuraci\u00f3n de justicia con [&hellip;]<\/p>\n","protected":false},"author":1,"featured_media":137007,"comment_status":"open","ping_status":"open","sticky":false,"template":"","format":"standard","meta":{"footnotes":""},"categories":[3],"tags":[],"class_list":["post-137006","post","type-post","status-publish","format-standard","has-post-thumbnail","hentry","category-quintana-roo","entry","has-media"],"jetpack_featured_media_url":"http:\/\/vertienteglobal.com\/wp-content\/uploads\/2019\/03\/FGE-Chetumal.jpeg","_links":{"self":[{"href":"http:\/\/vertienteglobal.com\/index.php?rest_route=\/wp\/v2\/posts\/137006","targetHints":{"allow":["GET"]}}],"collection":[{"href":"http:\/\/vertienteglobal.com\/index.php?rest_route=\/wp\/v2\/posts"}],"about":[{"href":"http:\/\/vertienteglobal.com\/index.php?rest_route=\/wp\/v2\/types\/post"}],"author":[{"embeddable":true,"href":"http:\/\/vertienteglobal.com\/index.php?rest_route=\/wp\/v2\/users\/1"}],"replies":[{"embeddable":true,"href":"http:\/\/vertienteglobal.com\/index.php?rest_route=%2Fwp%2Fv2%2Fcomments&post=137006"}],"version-history":[{"count":0,"href":"http:\/\/vertienteglobal.com\/index.php?rest_route=\/wp\/v2\/posts\/137006\/revisions"}],"wp:featuredmedia":[{"embeddable":true,"href":"http:\/\/vertienteglobal.com\/index.php?rest_route=\/wp\/v2\/media\/137007"}],"wp:attachment":[{"href":"http:\/\/vertienteglobal.com\/index.php?rest_route=%2Fwp%2Fv2%2Fmedia&parent=137006"}],"wp:term":[{"taxonomy":"category","embeddable":true,"href":"http:\/\/vertienteglobal.com\/index.php?rest_route=%2Fwp%2Fv2%2Fcategories&post=137006"},{"taxonomy":"post_tag","embeddable":true,"href":"http:\/\/vertienteglobal.com\/index.php?rest_route=%2Fwp%2Fv2%2Ftags&post=137006"}],"curies":[{"name":"wp","href":"https:\/\/api.w.org\/{rel}","templated":true}]}}