{"id":136693,"date":"2019-03-25T13:36:00","date_gmt":"2019-03-25T19:36:00","guid":{"rendered":"http:\/\/vertienteglobal.com\/?p=136693"},"modified":"2019-03-26T00:58:28","modified_gmt":"2019-03-26T06:58:28","slug":"raquitico-presupuesto-para-la-ganaderia-en-campeche-omar-arjona","status":"publish","type":"post","link":"http:\/\/vertienteglobal.com\/?p=136693","title":{"rendered":"Raqu\u00edtico presupuesto para la ganader\u00eda en Campeche: Omar Arjona"},"content":{"rendered":"\n<div class=\"twitterbutton\" style=\"float: right; padding-left: 5px;\"><a href=\"http:\/\/twitter.com\/share\" class=\"twitter-share-button\" data-count=\"horizontal\" data-text=\"Raqu\u00edtico presupuesto para la ganader\u00eda en Campeche: Omar Arjona\" data-via=\"https:\/\/twitter.com\/VertienteGloba1\" data-url=\"http:\/\/vertienteglobal.com\/?p=136693\" data-lang=\"es\" data-related=\"Informaci\u00f3n general:S\u00edguenos para que est\u00e9ss informado\"><\/a><\/div>\n<figure class=\"wp-block-image\"><img loading=\"lazy\" decoding=\"async\" width=\"600\" height=\"352\" src=\"http:\/\/vertienteglobal.com\/wp-content\/uploads\/2019\/03\/ganado-campeche.jpg\" alt=\"\" class=\"wp-image-136694\" srcset=\"http:\/\/vertienteglobal.com\/wp-content\/uploads\/2019\/03\/ganado-campeche.jpg 600w, http:\/\/vertienteglobal.com\/wp-content\/uploads\/2019\/03\/ganado-campeche-150x88.jpg 150w, http:\/\/vertienteglobal.com\/wp-content\/uploads\/2019\/03\/ganado-campeche-300x176.jpg 300w\" sizes=\"auto, (max-width: 600px) 100vw, 600px\" \/><\/figure>\n\n\n\n<p> [Redacci\u00f3n]<br> Coment\u00f3 requieren vacunar el hato para contrarrestar las enfermedades que asegur\u00f3 ya se presentan y confi\u00f3 en que no se prolongue la temporada de estiaje o las afectaciones ser\u00e1n mayores<br> San Francisco de Campeche, Campeche.- El presidente de la Uni\u00f3n Ganadera Regional UGR) del Estado de Campeche, Omar Arjona Ceballos, sostuvo que a pesar de la intensa seca que ya se registra este a\u00f1o y que hasta el momento ha ocasionado la p\u00e9rdida de 150 cabezas del hato bovino, el Gobierno Federal no pregunta qu\u00e9 est\u00e1 pasando y el presupuesto asignado es raqu\u00edtico.<br> Y es que Arjona Ceballos, destac\u00f3 ya recibieron el respaldo del gobierno del Estado en la adquisici\u00f3n de melaza para la alimentaci\u00f3n de los semovientes, que ya se distribuye entre los productores.<br> Afirm\u00f3: \u201cTenemos el problema de la seca y el presupuesto es raqu\u00edtico\u2026 lo que hacemos cada a\u00f1o es asistir a las dependencias y entregar solicitudes para incrementar los recursos pero, desafortunadamente, es una \u201ccarta a Santa Claus\u201d.<br> El entrevistado inform\u00f3 es la regi\u00f3n norte de la entidad donde la secta es m\u00e1s intensa, m\u00e1s que en la zona sur, y ya hay perdida de ganado en esta zona.<br> Coment\u00f3 requieren vacunar el hato para contrarrestar las enfermedades que asegur\u00f3 ya se presentan y confi\u00f3 en que no se prolongue la temporada de estiaje o las afectaciones ser\u00e1n mayores.<br> A\u00f1adi\u00f3 que ya gestionan ante el gobierno estatal a trav\u00e9s de su Secretar\u00eda de Desarrollo Rural, recursos para comprar pacas, adicional a la compra de melaza, recursos que son estatales y la seca apenas comienza.<br> Dijo: \u201cNecesitamos vacunar para combatir las enfermedades de la temporada y por ello exhortamos al Gobierno Federal ayude al sector, porque se habla de tecnificaci\u00f3n de la actividad, con sistemas de riego, pero, cu\u00e1nto recurso hay para eso\u2026\u201d<br> Arjona Ceballos inform\u00f3 que la organizaci\u00f3n que encabeza elabora proyectos que presentar\u00e1 a la Secretar\u00eda de Agricultura y Desarrollo Rural, en superficies de cinco hect\u00e1reas, pues el programa se\u00f1ala debe ser de hasta 25 hect\u00e1reas, \u201ca ver hasta cu\u00e1nto nos pueden ayudar\u201d.<\/p>\n","protected":false},"excerpt":{"rendered":"<p>[Redacci\u00f3n] Coment\u00f3 requieren vacunar el hato para contrarrestar las enfermedades que asegur\u00f3 ya se presentan y confi\u00f3 en que no se prolongue la temporada de estiaje o las afectaciones ser\u00e1n mayores San Francisco de Campeche, Campeche.- El presidente de la Uni\u00f3n Ganadera Regional UGR) del Estado de Campeche, Omar Arjona Ceballos, sostuvo que a pesar [&hellip;]<\/p>\n","protected":false},"author":1,"featured_media":136694,"comment_status":"open","ping_status":"open","sticky":false,"template":"","format":"standard","meta":{"footnotes":""},"categories":[4],"tags":[],"class_list":["post-136693","post","type-post","status-publish","format-standard","has-post-thumbnail","hentry","category-campeche","entry","has-media"],"jetpack_featured_media_url":"http:\/\/vertienteglobal.com\/wp-content\/uploads\/2019\/03\/ganado-campeche.jpg","_links":{"self":[{"href":"http:\/\/vertienteglobal.com\/index.php?rest_route=\/wp\/v2\/posts\/136693","targetHints":{"allow":["GET"]}}],"collection":[{"href":"http:\/\/vertienteglobal.com\/index.php?rest_route=\/wp\/v2\/posts"}],"about":[{"href":"http:\/\/vertienteglobal.com\/index.php?rest_route=\/wp\/v2\/types\/post"}],"author":[{"embeddable":true,"href":"http:\/\/vertienteglobal.com\/index.php?rest_route=\/wp\/v2\/users\/1"}],"replies":[{"embeddable":true,"href":"http:\/\/vertienteglobal.com\/index.php?rest_route=%2Fwp%2Fv2%2Fcomments&post=136693"}],"version-history":[{"count":0,"href":"http:\/\/vertienteglobal.com\/index.php?rest_route=\/wp\/v2\/posts\/136693\/revisions"}],"wp:featuredmedia":[{"embeddable":true,"href":"http:\/\/vertienteglobal.com\/index.php?rest_route=\/wp\/v2\/media\/136694"}],"wp:attachment":[{"href":"http:\/\/vertienteglobal.com\/index.php?rest_route=%2Fwp%2Fv2%2Fmedia&parent=136693"}],"wp:term":[{"taxonomy":"category","embeddable":true,"href":"http:\/\/vertienteglobal.com\/index.php?rest_route=%2Fwp%2Fv2%2Fcategories&post=136693"},{"taxonomy":"post_tag","embeddable":true,"href":"http:\/\/vertienteglobal.com\/index.php?rest_route=%2Fwp%2Fv2%2Ftags&post=136693"}],"curies":[{"name":"wp","href":"https:\/\/api.w.org\/{rel}","templated":true}]}}