{"id":136481,"date":"2019-03-22T10:41:45","date_gmt":"2019-03-22T16:41:45","guid":{"rendered":"http:\/\/vertienteglobal.com\/?p=136481"},"modified":"2019-03-23T12:25:31","modified_gmt":"2019-03-23T18:25:31","slug":"cene-con-colosio-dos-dias-antes-de-su-muerte-amlo","status":"publish","type":"post","link":"http:\/\/vertienteglobal.com\/?p=136481","title":{"rendered":"Cene con Colosio dos d\u00edas antes de su muerte: AMLO"},"content":{"rendered":"\n<div class=\"twitterbutton\" style=\"float: right; padding-left: 5px;\"><a href=\"http:\/\/twitter.com\/share\" class=\"twitter-share-button\" data-count=\"horizontal\" data-text=\"Cene con Colosio dos d\u00edas antes de su muerte: AMLO\" data-via=\"https:\/\/twitter.com\/VertienteGloba1\" data-url=\"http:\/\/vertienteglobal.com\/?p=136481\" data-lang=\"es\" data-related=\"Informaci\u00f3n general:S\u00edguenos para que est\u00e9ss informado\"><\/a><\/div>\n<figure class=\"wp-block-image\"><img loading=\"lazy\" decoding=\"async\" width=\"600\" height=\"408\" src=\"http:\/\/vertienteglobal.com\/wp-content\/uploads\/2019\/03\/amlo-carta-caso-colosio.jpg\" alt=\"\" class=\"wp-image-136482\" srcset=\"http:\/\/vertienteglobal.com\/wp-content\/uploads\/2019\/03\/amlo-carta-caso-colosio.jpg 600w, http:\/\/vertienteglobal.com\/wp-content\/uploads\/2019\/03\/amlo-carta-caso-colosio-150x102.jpg 150w, http:\/\/vertienteglobal.com\/wp-content\/uploads\/2019\/03\/amlo-carta-caso-colosio-300x204.jpg 300w\" sizes=\"auto, (max-width: 600px) 100vw, 600px\" \/><\/figure>\n\n\n\n<p> [Redacci\u00f3n]<br> L\u00f3pez Obrador ofreci\u00f3 leer la misiva de los padres de Aburto Mart\u00ednez, quienes viven en Estados Unidos, y turnarla a la titular de la Secretar\u00eda de Gobernaci\u00f3n (Segob), Olga S\u00e1nchez Cordero, para que defina qu\u00e9 procede desde el punto de vista legal<br> Ciudad de M\u00e9xico.- El presidente Andr\u00e9s Manuel L\u00f3pez Obrador, asegur\u00f3: \u201cConoc\u00ed a Luis Donaldo Colosio, nos vimos dos d\u00edas antes de su asesinato, cenamos en la casa de una amiga en com\u00fan, Clara Jusidman y lamente mucho y sigo lamentando su asesinato\u201d.<br> Y es que despu\u00e9s de recibir una carta de los padres de Mario Aburto Mart\u00ednez, asesino confeso del malogrado candidato del PRI a la Presidencia de la Rep\u00fablica, donde le piden reabrir el caso, el titular del Ejecutivo Federal se\u00f1al\u00f3 que se debe insistir en conocer todo lo que hubo detr\u00e1s de este crimen para que no haya impunidad.<br> El presidente Andr\u00e9s Manuel L\u00f3pez Obrador ofreci\u00f3 leer la misiva de los padres de Aburto Mart\u00ednez, quienes viven en Estados Unidos, y turnarla a la titular de la Secretar\u00eda de Gobernaci\u00f3n (Segob), Olga S\u00e1nchez Cordero, para que defina qu\u00e9 procede desde el punto de vista legal.<br> \u201cLament\u00e9 mucho y sigo lamentando la muerte de Luis Donaldo Colosio. No debe olvidarse y se debe seguir preguntado qu\u00e9 pas\u00f3 realmente\u201d, reiter\u00f3 L\u00f3pez Obrador.<\/p>\n","protected":false},"excerpt":{"rendered":"<p>[Redacci\u00f3n] L\u00f3pez Obrador ofreci\u00f3 leer la misiva de los padres de Aburto Mart\u00ednez, quienes viven en Estados Unidos, y turnarla a la titular de la Secretar\u00eda de Gobernaci\u00f3n (Segob), Olga S\u00e1nchez Cordero, para que defina qu\u00e9 procede desde el punto de vista legal Ciudad de M\u00e9xico.- El presidente Andr\u00e9s Manuel L\u00f3pez Obrador, asegur\u00f3: \u201cConoc\u00ed a [&hellip;]<\/p>\n","protected":false},"author":1,"featured_media":136482,"comment_status":"open","ping_status":"open","sticky":false,"template":"","format":"standard","meta":{"footnotes":""},"categories":[8],"tags":[],"class_list":["post-136481","post","type-post","status-publish","format-standard","has-post-thumbnail","hentry","category-pais","entry","has-media"],"jetpack_featured_media_url":"http:\/\/vertienteglobal.com\/wp-content\/uploads\/2019\/03\/amlo-carta-caso-colosio.jpg","_links":{"self":[{"href":"http:\/\/vertienteglobal.com\/index.php?rest_route=\/wp\/v2\/posts\/136481","targetHints":{"allow":["GET"]}}],"collection":[{"href":"http:\/\/vertienteglobal.com\/index.php?rest_route=\/wp\/v2\/posts"}],"about":[{"href":"http:\/\/vertienteglobal.com\/index.php?rest_route=\/wp\/v2\/types\/post"}],"author":[{"embeddable":true,"href":"http:\/\/vertienteglobal.com\/index.php?rest_route=\/wp\/v2\/users\/1"}],"replies":[{"embeddable":true,"href":"http:\/\/vertienteglobal.com\/index.php?rest_route=%2Fwp%2Fv2%2Fcomments&post=136481"}],"version-history":[{"count":0,"href":"http:\/\/vertienteglobal.com\/index.php?rest_route=\/wp\/v2\/posts\/136481\/revisions"}],"wp:featuredmedia":[{"embeddable":true,"href":"http:\/\/vertienteglobal.com\/index.php?rest_route=\/wp\/v2\/media\/136482"}],"wp:attachment":[{"href":"http:\/\/vertienteglobal.com\/index.php?rest_route=%2Fwp%2Fv2%2Fmedia&parent=136481"}],"wp:term":[{"taxonomy":"category","embeddable":true,"href":"http:\/\/vertienteglobal.com\/index.php?rest_route=%2Fwp%2Fv2%2Fcategories&post=136481"},{"taxonomy":"post_tag","embeddable":true,"href":"http:\/\/vertienteglobal.com\/index.php?rest_route=%2Fwp%2Fv2%2Ftags&post=136481"}],"curies":[{"name":"wp","href":"https:\/\/api.w.org\/{rel}","templated":true}]}}