{"id":136445,"date":"2019-03-21T21:10:11","date_gmt":"2019-03-22T03:10:11","guid":{"rendered":"http:\/\/vertienteglobal.com\/?p=136445"},"modified":"2019-03-22T00:03:54","modified_gmt":"2019-03-22T06:03:54","slug":"en-semana-santa-abriran-nuevo-puente-de-la-unidad-en-campeche","status":"publish","type":"post","link":"http:\/\/vertienteglobal.com\/?p=136445","title":{"rendered":"En semana santa, abrir\u00e1n nuevo puente de la Unidad en Campeche"},"content":{"rendered":"\n<div class=\"twitterbutton\" style=\"float: right; padding-left: 5px;\"><a href=\"http:\/\/twitter.com\/share\" class=\"twitter-share-button\" data-count=\"horizontal\" data-text=\"En semana santa, abrir\u00e1n nuevo puente de la Unidad en Campeche\" data-via=\"https:\/\/twitter.com\/VertienteGloba1\" data-url=\"http:\/\/vertienteglobal.com\/?p=136445\" data-lang=\"es\" data-related=\"Informaci\u00f3n general:S\u00edguenos para que est\u00e9ss informado\"><\/a><\/div>\n<figure class=\"wp-block-image\"><img loading=\"lazy\" decoding=\"async\" width=\"600\" height=\"343\" src=\"http:\/\/vertienteglobal.com\/wp-content\/uploads\/2019\/03\/Campeche-nuevo-puente.jpg\" alt=\"\" class=\"wp-image-136446\" srcset=\"http:\/\/vertienteglobal.com\/wp-content\/uploads\/2019\/03\/Campeche-nuevo-puente.jpg 600w, http:\/\/vertienteglobal.com\/wp-content\/uploads\/2019\/03\/Campeche-nuevo-puente-150x86.jpg 150w, http:\/\/vertienteglobal.com\/wp-content\/uploads\/2019\/03\/Campeche-nuevo-puente-300x172.jpg 300w\" sizes=\"auto, (max-width: 600px) 100vw, 600px\" \/><\/figure>\n\n\n\n<p> [Redacci\u00f3n]<br> Reafirm\u00f3 que a Campeche le va a ir muy bien, seguiremos trabajando con el Gobierno de la Rep\u00fablica, con el presidente Andr\u00e9s Manuel L\u00f3pez Obrador, con los tres \u00f3rdenes de gobierno y es una inversi\u00f3n de m\u00e1s de seis mil millones de pesos, y en la inauguraci\u00f3n vamos a inaugurar el Puente La Unidad y estar\u00e1 presente el Presidente<br> San Francisco de Campeche, Campeche.- Luego de enfatizar que la realizaci\u00f3n el proyecto del Tren Maya es importante para el Estado de Campeche, porque entre otras cosas, generar\u00e1 empleo, desarrollo, polos de crecimiento y en el que habr\u00e1 respeto irrestricto al cuidado del medio ambiente, el gobernador Alejandro Moreno C\u00e1rdenas anunci\u00f3 que en el pr\u00f3ximo periodo vacacional se abrir\u00e1 al tr\u00e1nsito vehicular un tramo del nuevo puente \u201cLa Unidad\u201d, y aclar\u00f3 no se trata de su inauguraci\u00f3n, simplemente dar servicio a los usuarios.<br> Y es que dio a conocer que se har\u00e1 realidad una de las maquetas que hice \u2013al inicio de su administraci\u00f3n-, manifest\u00f3 y a\u00f1adi\u00f3 que aunque pr\u00e1cticamente el titular de la Secretar\u00eda de Comunicaciones y Transportes (SCT) lo coment\u00f3, \u201cya vamos a anunciar la obra de infraestructura m\u00e1s importante, con m\u00e1s de seis mil millones de pesos\u201d como es el libramiento carretero de Ciudad del Carmen.<br> Coment\u00f3 que seguiremos trayendo programas, gestionando\u2026 como les he dicho, la pol\u00edtica se hace con inteligencia, con estrategia y se hace todos los d\u00edas para gestionar, gestionar y gestionar m\u00e1s apoyos y recursos para los campechanos.<br>  Reafirm\u00f3 que a Campeche le va a ir muy bien, seguiremos trabajando con el Gobierno de la Rep\u00fablica, con el presidente Andr\u00e9s Manuel L\u00f3pez Obrador, con los tres \u00f3rdenes de gobierno y es una inversi\u00f3n de m\u00e1s de seis mil millones de pesos, y en la inauguraci\u00f3n vamos a inaugurar el Puente La Unidad y estar\u00e1 presente el Presidente.<br> Les adelanto que en el pr\u00f3ximo periodo vacacional abriremos un sector del Puente, que est\u00e1 listo, trabajaremos para que haya paso en el puente. No ser\u00e1 inauguraci\u00f3n; se va a abrir la parte para dar servicio a los usuarios en este tramo vacacional y posteriormente cuando est\u00e9 listo el Puente, al mes de mayo, en la primera quincena, estaremos inaugurando el gran puente de La Unidad y me dar\u00e1 mucho gusto. Una de las maquetas que hice, ya hecha realidad.<br> Por otra parte, sobre la revocaci\u00f3n de mandato y los pronunciamientos que debe aplicarse a Gobernadores y legisladores federales, a todo el que no cumpla, Moreno C\u00e1rdenas manifest\u00f3 nadie est\u00e1 en contra de esa medida, la que se ha implementado en otros pa\u00edses.<br> Afirm\u00f3: \u201cCreo firmemente que la buena labor, el buen trabajo es lo que el ciudadano reconoce y se\u00f1ala. Siempre he dicho lo \u00fanico que hay que dejar claro es que la revocaci\u00f3n de mandato que est\u00e1 en ley en muchos otros pa\u00edses, nadie est\u00e1 en contra, por lo menos un servidor no est\u00e1 en contra, est\u00e1 a favor.<br> Dijo: \u201cSimple y sencillamente hay que dejarlo con claridad. Todos pueden ser la revocaci\u00f3n de mandato pero pueden ser despu\u00e9s, no el d\u00eda de la jornada electoral, porque podr\u00eda meter ingredientes de falta de equidad. Tenemos las elecciones constitucionales en el 2021 en los meses que estipula la ley y la revocaci\u00f3n de mandato se puede hacer en diciembre. No tiene ning\u00fan problema\u201d.<br> Agreg\u00f3: \u201cEl tema es no dejar ninguna duda de que el proceso electoral en el 2021 sea equitativo, claro y haya oportunidad no solo a los ciudadanos de decidir sino haya una total equidad para la jornada electoral\u201d.<\/p>\n","protected":false},"excerpt":{"rendered":"<p>[Redacci\u00f3n] Reafirm\u00f3 que a Campeche le va a ir muy bien, seguiremos trabajando con el Gobierno de la Rep\u00fablica, con el presidente Andr\u00e9s Manuel L\u00f3pez Obrador, con los tres \u00f3rdenes de gobierno y es una inversi\u00f3n de m\u00e1s de seis mil millones de pesos, y en la inauguraci\u00f3n vamos a inaugurar el Puente La Unidad [&hellip;]<\/p>\n","protected":false},"author":1,"featured_media":136446,"comment_status":"open","ping_status":"open","sticky":false,"template":"","format":"standard","meta":{"footnotes":""},"categories":[4],"tags":[],"class_list":["post-136445","post","type-post","status-publish","format-standard","has-post-thumbnail","hentry","category-campeche","entry","has-media"],"jetpack_featured_media_url":"http:\/\/vertienteglobal.com\/wp-content\/uploads\/2019\/03\/Campeche-nuevo-puente.jpg","_links":{"self":[{"href":"http:\/\/vertienteglobal.com\/index.php?rest_route=\/wp\/v2\/posts\/136445","targetHints":{"allow":["GET"]}}],"collection":[{"href":"http:\/\/vertienteglobal.com\/index.php?rest_route=\/wp\/v2\/posts"}],"about":[{"href":"http:\/\/vertienteglobal.com\/index.php?rest_route=\/wp\/v2\/types\/post"}],"author":[{"embeddable":true,"href":"http:\/\/vertienteglobal.com\/index.php?rest_route=\/wp\/v2\/users\/1"}],"replies":[{"embeddable":true,"href":"http:\/\/vertienteglobal.com\/index.php?rest_route=%2Fwp%2Fv2%2Fcomments&post=136445"}],"version-history":[{"count":0,"href":"http:\/\/vertienteglobal.com\/index.php?rest_route=\/wp\/v2\/posts\/136445\/revisions"}],"wp:featuredmedia":[{"embeddable":true,"href":"http:\/\/vertienteglobal.com\/index.php?rest_route=\/wp\/v2\/media\/136446"}],"wp:attachment":[{"href":"http:\/\/vertienteglobal.com\/index.php?rest_route=%2Fwp%2Fv2%2Fmedia&parent=136445"}],"wp:term":[{"taxonomy":"category","embeddable":true,"href":"http:\/\/vertienteglobal.com\/index.php?rest_route=%2Fwp%2Fv2%2Fcategories&post=136445"},{"taxonomy":"post_tag","embeddable":true,"href":"http:\/\/vertienteglobal.com\/index.php?rest_route=%2Fwp%2Fv2%2Ftags&post=136445"}],"curies":[{"name":"wp","href":"https:\/\/api.w.org\/{rel}","templated":true}]}}