{"id":136175,"date":"2019-03-16T20:34:34","date_gmt":"2019-03-17T02:34:34","guid":{"rendered":"http:\/\/vertienteglobal.com\/?p=136175"},"modified":"2019-03-17T08:15:42","modified_gmt":"2019-03-17T14:15:42","slug":"recibe-la-fiscalia-protocolo-de-actuacion-para-atender-la-violencia-politica","status":"publish","type":"post","link":"http:\/\/vertienteglobal.com\/?p=136175","title":{"rendered":"Recibe la Fiscal\u00eda Protocolo de Actuaci\u00f3n para Atender la Violencia Pol\u00edtica"},"content":{"rendered":"\n<div class=\"twitterbutton\" style=\"float: right; padding-left: 5px;\"><a href=\"http:\/\/twitter.com\/share\" class=\"twitter-share-button\" data-count=\"horizontal\" data-text=\"Recibe la Fiscal\u00eda Protocolo de Actuaci\u00f3n para Atender la Violencia Pol\u00edtica\" data-via=\"https:\/\/twitter.com\/VertienteGloba1\" data-url=\"http:\/\/vertienteglobal.com\/?p=136175\" data-lang=\"es\" data-related=\"Informaci\u00f3n general:S\u00edguenos para que est\u00e9ss informado\"><\/a><\/div>\n<figure class=\"wp-block-image\"><img loading=\"lazy\" decoding=\"async\" width=\"600\" height=\"349\" src=\"http:\/\/vertienteglobal.com\/wp-content\/uploads\/2019\/03\/Fiscalia-violencia.jpg\" alt=\"\" class=\"wp-image-136176\" srcset=\"http:\/\/vertienteglobal.com\/wp-content\/uploads\/2019\/03\/Fiscalia-violencia.jpg 600w, http:\/\/vertienteglobal.com\/wp-content\/uploads\/2019\/03\/Fiscalia-violencia-150x87.jpg 150w, http:\/\/vertienteglobal.com\/wp-content\/uploads\/2019\/03\/Fiscalia-violencia-300x175.jpg 300w\" sizes=\"auto, (max-width: 600px) 100vw, 600px\" \/><\/figure>\n\n\n\n<p> [Redacci\u00f3n]<br> Lo presenta el Instituto Quintanarroense de la Mujer<br> Las mujeres quintanarroenses se destacan por su actuar en la vida pol\u00edtica y p\u00fablica<br> Canc\u00fan, Quintana. Roo- En Quintana Roo las mujeres tienen igualdad de oportunidades en la vida pol\u00edtica, se\u00f1al\u00f3 \u00d3scar Montes de Oca Rosales, fiscal General del Estado, luego de recibir el Protocolo de Actuaci\u00f3n para Atender la Violencia Pol\u00edtica contra las Mujeres por Raz\u00f3n de G\u00e9nero en el Estado de Quintana Roo, entregado por Silvia Dami\u00e1n L\u00f3pez, directora del Instituto Quintanarroense de la Mujer.<br> La Fiscal\u00eda General del Estado, cuenta ahora con el Protocolo derivado del Art\u00edculo 133 del C\u00f3digo penal de Quintana Roo, el cual se apega para la persecuci\u00f3n de estos delitos; de igual forma, se refrenda el actuar con perspectiva de g\u00e9nero para investigar y procurar justicia en todos los delitos que afecten a las mujeres.<br> Al mismo tiempo, indic\u00f3 que las mujeres quintanarroenses han tenido una destacada participaci\u00f3n en la vida pol\u00edtica y en la construcci\u00f3n de un futuro m\u00e1s justo. Durante el evento realizado en el auditorio del planetario Ka \u00b4 Yok, Karla Rivero Gonz\u00e1lez, titular de la Comisi\u00f3n Ejecutiva de Atenci\u00f3n a V\u00edctimas del Estado de Quintana Roo, hizo la presentaci\u00f3n del libro \u201cHacia una justicia Verdadera\u201d, que contiene la historia de mujeres que padecieron violencia en sus procesos penales.<br> De igual forma, se anunci\u00f3 la preliberaci\u00f3n de mujeres que se encontraban recluidas en un centro penitenciario y se ha dado cumplimiento con base en lo establecido en la ley.<br> Cabe destacar que participaron tambi\u00e9n Nora Cer\u00f3n Gonz\u00e1lez, magistrada presidente del Tribunal Electoral de Quintana Roo; Mayra San Rom\u00e1n Carrillo, consejera presidente del Instituto Electoral de Quintana Roo y Marco Antonio Tho Euan, presidente de la Comisi\u00f3n de los Derechos Humanos en Quintana Roo.<\/p>\n\n\n\n<figure class=\"wp-block-image\"><img loading=\"lazy\" decoding=\"async\" width=\"600\" height=\"358\" src=\"http:\/\/vertienteglobal.com\/wp-content\/uploads\/2019\/03\/El-Fiscal-\u00d3scar-Montes-de-Oca-Rosales.jpg\" alt=\"\" class=\"wp-image-136177\" srcset=\"http:\/\/vertienteglobal.com\/wp-content\/uploads\/2019\/03\/El-Fiscal-\u00d3scar-Montes-de-Oca-Rosales.jpg 600w, http:\/\/vertienteglobal.com\/wp-content\/uploads\/2019\/03\/El-Fiscal-\u00d3scar-Montes-de-Oca-Rosales-150x90.jpg 150w, http:\/\/vertienteglobal.com\/wp-content\/uploads\/2019\/03\/El-Fiscal-\u00d3scar-Montes-de-Oca-Rosales-300x179.jpg 300w\" sizes=\"auto, (max-width: 600px) 100vw, 600px\" \/><\/figure>\n","protected":false},"excerpt":{"rendered":"<p>[Redacci\u00f3n] Lo presenta el Instituto Quintanarroense de la Mujer Las mujeres quintanarroenses se destacan por su actuar en la vida pol\u00edtica y p\u00fablica Canc\u00fan, Quintana. Roo- En Quintana Roo las mujeres tienen igualdad de oportunidades en la vida pol\u00edtica, se\u00f1al\u00f3 \u00d3scar Montes de Oca Rosales, fiscal General del Estado, luego de recibir el Protocolo de [&hellip;]<\/p>\n","protected":false},"author":1,"featured_media":136176,"comment_status":"open","ping_status":"open","sticky":false,"template":"","format":"standard","meta":{"footnotes":""},"categories":[3],"tags":[],"class_list":["post-136175","post","type-post","status-publish","format-standard","has-post-thumbnail","hentry","category-quintana-roo","entry","has-media"],"jetpack_featured_media_url":"http:\/\/vertienteglobal.com\/wp-content\/uploads\/2019\/03\/Fiscalia-violencia.jpg","_links":{"self":[{"href":"http:\/\/vertienteglobal.com\/index.php?rest_route=\/wp\/v2\/posts\/136175","targetHints":{"allow":["GET"]}}],"collection":[{"href":"http:\/\/vertienteglobal.com\/index.php?rest_route=\/wp\/v2\/posts"}],"about":[{"href":"http:\/\/vertienteglobal.com\/index.php?rest_route=\/wp\/v2\/types\/post"}],"author":[{"embeddable":true,"href":"http:\/\/vertienteglobal.com\/index.php?rest_route=\/wp\/v2\/users\/1"}],"replies":[{"embeddable":true,"href":"http:\/\/vertienteglobal.com\/index.php?rest_route=%2Fwp%2Fv2%2Fcomments&post=136175"}],"version-history":[{"count":0,"href":"http:\/\/vertienteglobal.com\/index.php?rest_route=\/wp\/v2\/posts\/136175\/revisions"}],"wp:featuredmedia":[{"embeddable":true,"href":"http:\/\/vertienteglobal.com\/index.php?rest_route=\/wp\/v2\/media\/136176"}],"wp:attachment":[{"href":"http:\/\/vertienteglobal.com\/index.php?rest_route=%2Fwp%2Fv2%2Fmedia&parent=136175"}],"wp:term":[{"taxonomy":"category","embeddable":true,"href":"http:\/\/vertienteglobal.com\/index.php?rest_route=%2Fwp%2Fv2%2Fcategories&post=136175"},{"taxonomy":"post_tag","embeddable":true,"href":"http:\/\/vertienteglobal.com\/index.php?rest_route=%2Fwp%2Fv2%2Ftags&post=136175"}],"curies":[{"name":"wp","href":"https:\/\/api.w.org\/{rel}","templated":true}]}}