{"id":135968,"date":"2019-03-13T17:24:29","date_gmt":"2019-03-13T23:24:29","guid":{"rendered":"http:\/\/vertienteglobal.com\/?p=135968"},"modified":"2019-03-13T20:32:26","modified_gmt":"2019-03-14T02:32:26","slug":"trovadores-yucatecos-festejaran-su-dia-con-destacado-programa","status":"publish","type":"post","link":"http:\/\/vertienteglobal.com\/?p=135968","title":{"rendered":"Trovadores yucatecos festejar\u00e1n su d\u00eda con destacado programa"},"content":{"rendered":"\n<div class=\"twitterbutton\" style=\"float: right; padding-left: 5px;\"><a href=\"http:\/\/twitter.com\/share\" class=\"twitter-share-button\" data-count=\"horizontal\" data-text=\"Trovadores yucatecos festejar\u00e1n su d\u00eda con destacado programa\" data-via=\"https:\/\/twitter.com\/VertienteGloba1\" data-url=\"http:\/\/vertienteglobal.com\/?p=135968\" data-lang=\"es\" data-related=\"Informaci\u00f3n general:S\u00edguenos para que est\u00e9ss informado\"><\/a><\/div>\n<figure class=\"wp-block-image\"><img loading=\"lazy\" decoding=\"async\" width=\"600\" height=\"308\" src=\"http:\/\/vertienteglobal.com\/wp-content\/uploads\/2019\/03\/Celebraran-trovadores-yucatecos.jpg\" alt=\"\" class=\"wp-image-135969\" srcset=\"http:\/\/vertienteglobal.com\/wp-content\/uploads\/2019\/03\/Celebraran-trovadores-yucatecos.jpg 600w, http:\/\/vertienteglobal.com\/wp-content\/uploads\/2019\/03\/Celebraran-trovadores-yucatecos-150x77.jpg 150w, http:\/\/vertienteglobal.com\/wp-content\/uploads\/2019\/03\/Celebraran-trovadores-yucatecos-300x154.jpg 300w\" sizes=\"auto, (max-width: 600px) 100vw, 600px\" \/><\/figure>\n\n\n\n<p> [Redacci\u00f3n]<br> Entregar\u00e1n dos medallas y llevar\u00e1n cenizas de Juan Maga\u00f1a al Monumento de los Creadores<br> M\u00e9rida, Yucat\u00e1n.- Como una forma de festejar del D\u00eda del Trovador Yucateco, del 15 al 30 de marzo se realizar\u00e1 una serie de actividades para enaltecer el papel de estos personajes que se dedican a difundir la m\u00fasica que nos representa en otras latitudes, inform\u00f3 la titular de la Secretar\u00eda de la Cultura y las Artes (Sedeculta), Erica Millet Corona.<br> Y es que al presentar el programa, la funcionaria destac\u00f3 que el jueves 21, d\u00eda que se celebra esta efem\u00e9ride, el Monumento de los Creadores recibir\u00e1 las cenizas de Juan Maga\u00f1a y Alonzo, quien fuera creador de esta conmemoraci\u00f3n.  <br> La trova es una de las manifestaciones que nos da identidad, por lo que la dependencia apoya al comit\u00e9 que ha organizado eventos en diversas sedes de M\u00e9rida, lo cual cumple con la visi\u00f3n del Gobernador Mauricio Vila Dosal de preservar y promocionar nuestro g\u00e9nero vern\u00e1culo.<br> En ese marco, se entregar\u00e1n las medallas \u201cChan Cil\u201d a Gilberto Ortega Santana, quien fue director de la Rondalla del Tecnol\u00f3gico de M\u00e9rida y la \u201cPastor Cervera\u201d, a Juli\u00e1n Ernesto Dur\u00e1n Flores de la Rondalla Universitaria. La primera ser\u00e1 el mismo 21 las 21:00 horas, en el parque de Santa Luc\u00eda y la otra, el s\u00e1bado 30 a las 20:00 horas, en el Palacio de la M\u00fasica.<br> La fiesta tambi\u00e9n tendr\u00e1 Noches de Caf\u00e9 Bohemia en el Museo de la Canci\u00f3n Yucateca, donde el viernes 15 a las 20:00 horas, se coronar\u00e1 a Fernanda Escalante Fuentes como Reina de los Trovadores 2019. El mi\u00e9rcoles 20 a las 17:00 horas habr\u00e1 una misa en la Catedral de San Ildefonso de la ciudad.<br> En su turno, el presidente de la Sociedad Art\u00edstica \u201cRicardo Palmer\u00edn\u201d, Luis P\u00e9rez Sabido, inform\u00f3 que los restos mortales de Maga\u00f1a y Alonzo tendr\u00e1n un espacio en el mausoleo situado en el Cementerio General del M\u00e9rida. La cita ser\u00e1 el 21 a las 10:00 horas.<br> A su vez, el presidente del comit\u00e9 organizador \u201c21 de marzo, D\u00eda del Trovador Yucateco\u201d, Asociaci\u00f3n Hadzutz Pax, Hadzutz Kay, Efr\u00e9n Maga\u00f1a Uribe, agreg\u00f3 que ese mismo d\u00eda a las 20:00 horas se efectuar\u00e1 la tradicional Callejoneada, de la Plaza Grande al parque de Santa Luc\u00eda.<br> En el recorrido participar\u00e1n las Uniones de Trovadores de Yucat\u00e1n \u201cAugusto \u2018Guty\u2019 C\u00e1rdenas Pinelo\u201d, \u201cPepe Dom\u00ednguez\u201d, Profesionales \u201cPastor Cervera Rosado\u201d, el Sindicato \u00danico de Trovadores de Yucat\u00e1n \u201cArmando Manzanero\u201d y la \u201cRicardo Palmer\u00edn\u201d.<br> Ante la presidenta del Museo de la Canci\u00f3n Yucateca, Elena Fern\u00e1ndez Moral, y la subdirectora de Innovaci\u00f3n Cultural del Ayuntamiento de M\u00e9rida, Paola Guzm\u00e1n Arg\u00e1ez, Maga\u00f1a Uribe indic\u00f3 que dentro de la cartelera tambi\u00e9n est\u00e1 el concierto de gala Guitarras, guitarras, guitarras el 8 de abril a las 20:30 horas, en el Museo de la Canci\u00f3n Yucateca.<br> Los viernes 22 y 29 de nueva cuenta se realizar\u00e1 Noches de Caf\u00e9 Bohemia, la primera tendr\u00e1 como invitados a Maru Boeta, Tony Espinosa, Ricardo Jim\u00e9nez, Maricarmen P\u00e9rez y el pianista Iv\u00e1n Niquete; en la segunda estar\u00e1 La D\u00e9cada. Ambos son a las 20:00 horas y tendr\u00e1n cuota de recuperaci\u00f3n.<br> En la presentaci\u00f3n a los medios estuvo, Mar\u00eda de los \u00c1ngeles Uribe Boj\u00f3rquez, presidenta vitalicia del citado comit\u00e9, as\u00ed como Tom\u00e1s Gamboa Canch\u00e9 y Jos\u00e9 Dorantes Poot, presidentes de la \u201cPastor Cervera Rosado\u201d y \u201cPepe Dom\u00ednguez\u201d, respectivamente, adem\u00e1s del secretario General del \u201cArmando Manzanero\u201d, Jorge S\u00e1nchez L\u00f3pez.<br> Para consultar el programa completo, ingresar al Facebook de Yucat\u00e1n Presenta.<\/p>\n","protected":false},"excerpt":{"rendered":"<p>[Redacci\u00f3n] Entregar\u00e1n dos medallas y llevar\u00e1n cenizas de Juan Maga\u00f1a al Monumento de los Creadores M\u00e9rida, Yucat\u00e1n.- Como una forma de festejar del D\u00eda del Trovador Yucateco, del 15 al 30 de marzo se realizar\u00e1 una serie de actividades para enaltecer el papel de estos personajes que se dedican a difundir la m\u00fasica que nos [&hellip;]<\/p>\n","protected":false},"author":1,"featured_media":135969,"comment_status":"open","ping_status":"open","sticky":false,"template":"","format":"standard","meta":{"footnotes":""},"categories":[2],"tags":[],"class_list":["post-135968","post","type-post","status-publish","format-standard","has-post-thumbnail","hentry","category-yucatan","entry","has-media"],"jetpack_featured_media_url":"http:\/\/vertienteglobal.com\/wp-content\/uploads\/2019\/03\/Celebraran-trovadores-yucatecos.jpg","_links":{"self":[{"href":"http:\/\/vertienteglobal.com\/index.php?rest_route=\/wp\/v2\/posts\/135968","targetHints":{"allow":["GET"]}}],"collection":[{"href":"http:\/\/vertienteglobal.com\/index.php?rest_route=\/wp\/v2\/posts"}],"about":[{"href":"http:\/\/vertienteglobal.com\/index.php?rest_route=\/wp\/v2\/types\/post"}],"author":[{"embeddable":true,"href":"http:\/\/vertienteglobal.com\/index.php?rest_route=\/wp\/v2\/users\/1"}],"replies":[{"embeddable":true,"href":"http:\/\/vertienteglobal.com\/index.php?rest_route=%2Fwp%2Fv2%2Fcomments&post=135968"}],"version-history":[{"count":0,"href":"http:\/\/vertienteglobal.com\/index.php?rest_route=\/wp\/v2\/posts\/135968\/revisions"}],"wp:featuredmedia":[{"embeddable":true,"href":"http:\/\/vertienteglobal.com\/index.php?rest_route=\/wp\/v2\/media\/135969"}],"wp:attachment":[{"href":"http:\/\/vertienteglobal.com\/index.php?rest_route=%2Fwp%2Fv2%2Fmedia&parent=135968"}],"wp:term":[{"taxonomy":"category","embeddable":true,"href":"http:\/\/vertienteglobal.com\/index.php?rest_route=%2Fwp%2Fv2%2Fcategories&post=135968"},{"taxonomy":"post_tag","embeddable":true,"href":"http:\/\/vertienteglobal.com\/index.php?rest_route=%2Fwp%2Fv2%2Ftags&post=135968"}],"curies":[{"name":"wp","href":"https:\/\/api.w.org\/{rel}","templated":true}]}}