{"id":135900,"date":"2019-03-12T18:40:23","date_gmt":"2019-03-13T00:40:23","guid":{"rendered":"http:\/\/vertienteglobal.com\/?p=135900"},"modified":"2019-03-13T11:26:10","modified_gmt":"2019-03-13T17:26:10","slug":"bajan-las-visitas-de-los-spring-break-a-cancun","status":"publish","type":"post","link":"http:\/\/vertienteglobal.com\/?p=135900","title":{"rendered":"Bajan las visitas de los Spring Break a Canc\u00fan"},"content":{"rendered":"\n<div class=\"twitterbutton\" style=\"float: right; padding-left: 5px;\"><a href=\"http:\/\/twitter.com\/share\" class=\"twitter-share-button\" data-count=\"horizontal\" data-text=\"Bajan las visitas de los Spring Break a Canc\u00fan\" data-via=\"https:\/\/twitter.com\/VertienteGloba1\" data-url=\"http:\/\/vertienteglobal.com\/?p=135900\" data-lang=\"es\" data-related=\"Informaci\u00f3n general:S\u00edguenos para que est\u00e9ss informado\"><\/a><\/div>\n<figure class=\"wp-block-image\"><img loading=\"lazy\" decoding=\"async\" width=\"600\" height=\"355\" src=\"http:\/\/vertienteglobal.com\/wp-content\/uploads\/2019\/03\/Cancun-spring-break.jpg\" alt=\"\" class=\"wp-image-135901\" srcset=\"http:\/\/vertienteglobal.com\/wp-content\/uploads\/2019\/03\/Cancun-spring-break.jpg 600w, http:\/\/vertienteglobal.com\/wp-content\/uploads\/2019\/03\/Cancun-spring-break-150x89.jpg 150w, http:\/\/vertienteglobal.com\/wp-content\/uploads\/2019\/03\/Cancun-spring-break-300x178.jpg 300w\" sizes=\"auto, (max-width: 600px) 100vw, 600px\" \/><\/figure>\n\n\n\n<p> [Redacci\u00f3n]<br> Reconoci\u00f3 que no existe una estad\u00edstica sobre el n\u00famero de j\u00f3venes estadounidenses que arriban anualmente al destino<br> Canc\u00fan, Quintana Roo.- La secretaria de Turismo, Marisol Vanegas P\u00e9rez, asegur\u00f3 que el segmento de spring break ha dejado de tener atractivo para el sector hotelero de Canc\u00fan, por lo que est\u00e1 condenado a ser cada vez m\u00e1s minoritaria su presencia en el destino. <br> Y es que reconoci\u00f3 que no existe una estad\u00edstica sobre el n\u00famero de j\u00f3venes estadounidenses que arriban anualmente al destino, pues sus reservaciones ya no se concentran en un solo tour operador o empresa, sino que las nuevas plataformas m\u00f3viles de reservaci\u00f3n les permiten contratar incluso con d\u00edas de anticipaci\u00f3n, por lo que es muy dif\u00edcil llevar un registro.<br> Los reportes de a\u00f1os anteriores hablan que en 2010, Canc\u00fan registr\u00f3 la ca\u00edda m\u00e1s importante de este segmento con menos de 8,000 j\u00f3venes durante toda la temporada, que va de la primera quincena de febrero a la primera quincena de marzo.<br> Desde entonces la entonces Oficina de VIsitantes y Convenciones de Canc\u00fan (OVC) hab\u00eda reportado una recuperaci\u00f3n importante de j\u00f3venes preparatorianos hasta llegar a los 20,000 en 2012 e incrementar hasta los 35,000 que se habr\u00edan recibido en 2015.<br> Sin embargo, durante 2017 y 2018, el n\u00famero se ha vuelto a situar en los 20 mil j\u00f3venes, sin perspectiva de crecimiento porque definitivamente el segmento ya no representa un atractivo para el sector hotelero que est\u00e1 buscando turistas con un perfil de mayor poder adquisitivo, asegur\u00f3 Vanegas P\u00e9rez.<\/p>\n","protected":false},"excerpt":{"rendered":"<p>[Redacci\u00f3n] Reconoci\u00f3 que no existe una estad\u00edstica sobre el n\u00famero de j\u00f3venes estadounidenses que arriban anualmente al destino Canc\u00fan, Quintana Roo.- La secretaria de Turismo, Marisol Vanegas P\u00e9rez, asegur\u00f3 que el segmento de spring break ha dejado de tener atractivo para el sector hotelero de Canc\u00fan, por lo que est\u00e1 condenado a ser cada vez [&hellip;]<\/p>\n","protected":false},"author":1,"featured_media":135901,"comment_status":"open","ping_status":"open","sticky":false,"template":"","format":"standard","meta":{"footnotes":""},"categories":[3],"tags":[],"class_list":["post-135900","post","type-post","status-publish","format-standard","has-post-thumbnail","hentry","category-quintana-roo","entry","has-media"],"jetpack_featured_media_url":"http:\/\/vertienteglobal.com\/wp-content\/uploads\/2019\/03\/Cancun-spring-break.jpg","_links":{"self":[{"href":"http:\/\/vertienteglobal.com\/index.php?rest_route=\/wp\/v2\/posts\/135900","targetHints":{"allow":["GET"]}}],"collection":[{"href":"http:\/\/vertienteglobal.com\/index.php?rest_route=\/wp\/v2\/posts"}],"about":[{"href":"http:\/\/vertienteglobal.com\/index.php?rest_route=\/wp\/v2\/types\/post"}],"author":[{"embeddable":true,"href":"http:\/\/vertienteglobal.com\/index.php?rest_route=\/wp\/v2\/users\/1"}],"replies":[{"embeddable":true,"href":"http:\/\/vertienteglobal.com\/index.php?rest_route=%2Fwp%2Fv2%2Fcomments&post=135900"}],"version-history":[{"count":0,"href":"http:\/\/vertienteglobal.com\/index.php?rest_route=\/wp\/v2\/posts\/135900\/revisions"}],"wp:featuredmedia":[{"embeddable":true,"href":"http:\/\/vertienteglobal.com\/index.php?rest_route=\/wp\/v2\/media\/135901"}],"wp:attachment":[{"href":"http:\/\/vertienteglobal.com\/index.php?rest_route=%2Fwp%2Fv2%2Fmedia&parent=135900"}],"wp:term":[{"taxonomy":"category","embeddable":true,"href":"http:\/\/vertienteglobal.com\/index.php?rest_route=%2Fwp%2Fv2%2Fcategories&post=135900"},{"taxonomy":"post_tag","embeddable":true,"href":"http:\/\/vertienteglobal.com\/index.php?rest_route=%2Fwp%2Fv2%2Ftags&post=135900"}],"curies":[{"name":"wp","href":"https:\/\/api.w.org\/{rel}","templated":true}]}}