{"id":135826,"date":"2019-03-11T17:29:26","date_gmt":"2019-03-11T23:29:26","guid":{"rendered":"http:\/\/vertienteglobal.com\/?p=135826"},"modified":"2019-03-12T06:10:57","modified_gmt":"2019-03-12T12:10:57","slug":"becarios-de-la-uttab-asistiran-a-universidades-de-colombia-y-peru-para-fortalecer-conocimientos-en-su-area-de-especializacion","status":"publish","type":"post","link":"http:\/\/vertienteglobal.com\/?p=135826","title":{"rendered":"Becarios de la UTTAB asistir\u00e1n a universidades de Colombia y Per\u00fa para fortalecer conocimientos en su \u00e1rea de especializaci\u00f3n"},"content":{"rendered":"\n<div class=\"twitterbutton\" style=\"float: right; padding-left: 5px;\"><a href=\"http:\/\/twitter.com\/share\" class=\"twitter-share-button\" data-count=\"horizontal\" data-text=\"Becarios de la UTTAB asistir\u00e1n a universidades de Colombia y Per\u00fa para fortale...\" data-via=\"https:\/\/twitter.com\/VertienteGloba1\" data-url=\"http:\/\/vertienteglobal.com\/?p=135826\" data-lang=\"es\" data-related=\"Informaci\u00f3n general:S\u00edguenos para que est\u00e9ss informado\"><\/a><\/div>\n<figure class=\"wp-block-image\"><img loading=\"lazy\" decoding=\"async\" width=\"600\" height=\"355\" src=\"http:\/\/vertienteglobal.com\/wp-content\/uploads\/2019\/03\/Becas-UTTAB.jpg\" alt=\"\" class=\"wp-image-135827\" srcset=\"http:\/\/vertienteglobal.com\/wp-content\/uploads\/2019\/03\/Becas-UTTAB.jpg 600w, http:\/\/vertienteglobal.com\/wp-content\/uploads\/2019\/03\/Becas-UTTAB-150x89.jpg 150w, http:\/\/vertienteglobal.com\/wp-content\/uploads\/2019\/03\/Becas-UTTAB-300x178.jpg 300w\" sizes=\"auto, (max-width: 600px) 100vw, 600px\" \/><\/figure>\n\n\n\n<p> [Carlo Magno Mendiola Rodr\u00edguez]<br> El rector de la UTTAB hizo \u00e9nfasis a los becarios que tambi\u00e9n representar\u00e1n al estado de Tabasco y a M\u00e9xico<br> Villahermosa, Tabasco.- Gabriela Aketzally Avalos Ul\u00edn, Jos\u00e9 Francisco Lauda Coronel, Carlos Jaser Lara de Larrea y Guillermo Carrasco Brito, becarios de la Plataforma de Movilidad Estudiantil de la Alianza del Pac\u00edfico 2019 se reunieron con el Dr. Lenin Mart\u00ednez P\u00e9rez, rector de la UTTAB, el 8 de marzo.<br> Los alumnos de esta Casa de Estudios cursar\u00e1n asignaturas durante un semestre en universidades de Per\u00fa y Colombia.<br> Mart\u00ednez P\u00e9rez expres\u00f3: \u201cel hecho de que ustedes puedan tener esta oportunidad habla de su compromiso con la universidad, no cualquiera lo hace. Siempre que hago un an\u00e1lisis, sobre todo cuando tenemos estudiantes que son emblem\u00e1ticos, de excelencia, v\u00e9anse son cuatro y esta universidad tiene una matr\u00edcula de 2 mil 500 alumnos y en esas proporciones ustedes realmente son la \u00e9lite de los estudiantes porque son privilegiados por la vida y por Dios. De verdad los felicito por el esfuerzo que hacen, salen a aprender m\u00e1s, tienen que echarle muchas ganas y poner en alto el nombre de nuestra Universidad Tecnol\u00f3gica de Tabasco\u201d.<br> El rector de la UTTAB hizo \u00e9nfasis a los becarios que tambi\u00e9n representar\u00e1n al estado de Tabasco y a M\u00e9xico. Les reiter\u00f3 que cuentan con todo el apoyo de la instituci\u00f3n y del personal que estar\u00e1n atentos durante su estad\u00eda en el extranjero.<br> Cabe se\u00f1alar que Gabriela Aketzally Avalos Ul\u00edn estar\u00e1 en la Universidad de Cartagena, en Colombia, de julio a noviembre. En Per\u00fa cursar\u00e1n asignaturas Jos\u00e9 Francisco Lauda Coronel, en la Universidad Nacional Mayor de San Marcos, de marzo a julio, Carlos Jaser Lara de Larrea y Guillermo Carrasco Brito, de agosto a diciembre, en la Universidad Cat\u00f3lica de Santa Mar\u00eda.<br> La Secretar\u00eda Acad\u00e9mica destac\u00f3 que a nivel nacional se otorgaron 69 becas para estudiantes de nivel ingenier\u00eda, de las cuales cuatro fueron para alumnos de la UTTAB.<\/p>\n","protected":false},"excerpt":{"rendered":"<p>[Carlo Magno Mendiola Rodr\u00edguez] El rector de la UTTAB hizo \u00e9nfasis a los becarios que tambi\u00e9n representar\u00e1n al estado de Tabasco y a M\u00e9xico Villahermosa, Tabasco.- Gabriela Aketzally Avalos Ul\u00edn, Jos\u00e9 Francisco Lauda Coronel, Carlos Jaser Lara de Larrea y Guillermo Carrasco Brito, becarios de la Plataforma de Movilidad Estudiantil de la Alianza del Pac\u00edfico [&hellip;]<\/p>\n","protected":false},"author":1,"featured_media":135827,"comment_status":"open","ping_status":"open","sticky":false,"template":"","format":"standard","meta":{"footnotes":""},"categories":[9],"tags":[],"class_list":["post-135826","post","type-post","status-publish","format-standard","has-post-thumbnail","hentry","category-educacion","entry","has-media"],"jetpack_featured_media_url":"http:\/\/vertienteglobal.com\/wp-content\/uploads\/2019\/03\/Becas-UTTAB.jpg","_links":{"self":[{"href":"http:\/\/vertienteglobal.com\/index.php?rest_route=\/wp\/v2\/posts\/135826","targetHints":{"allow":["GET"]}}],"collection":[{"href":"http:\/\/vertienteglobal.com\/index.php?rest_route=\/wp\/v2\/posts"}],"about":[{"href":"http:\/\/vertienteglobal.com\/index.php?rest_route=\/wp\/v2\/types\/post"}],"author":[{"embeddable":true,"href":"http:\/\/vertienteglobal.com\/index.php?rest_route=\/wp\/v2\/users\/1"}],"replies":[{"embeddable":true,"href":"http:\/\/vertienteglobal.com\/index.php?rest_route=%2Fwp%2Fv2%2Fcomments&post=135826"}],"version-history":[{"count":0,"href":"http:\/\/vertienteglobal.com\/index.php?rest_route=\/wp\/v2\/posts\/135826\/revisions"}],"wp:featuredmedia":[{"embeddable":true,"href":"http:\/\/vertienteglobal.com\/index.php?rest_route=\/wp\/v2\/media\/135827"}],"wp:attachment":[{"href":"http:\/\/vertienteglobal.com\/index.php?rest_route=%2Fwp%2Fv2%2Fmedia&parent=135826"}],"wp:term":[{"taxonomy":"category","embeddable":true,"href":"http:\/\/vertienteglobal.com\/index.php?rest_route=%2Fwp%2Fv2%2Fcategories&post=135826"},{"taxonomy":"post_tag","embeddable":true,"href":"http:\/\/vertienteglobal.com\/index.php?rest_route=%2Fwp%2Fv2%2Ftags&post=135826"}],"curies":[{"name":"wp","href":"https:\/\/api.w.org\/{rel}","templated":true}]}}