{"id":135548,"date":"2019-03-06T23:10:00","date_gmt":"2019-03-07T05:10:00","guid":{"rendered":"http:\/\/vertienteglobal.com\/?p=135548"},"modified":"2019-03-07T10:12:08","modified_gmt":"2019-03-07T16:12:08","slug":"rinde-protesta-candelario-perez-alvarado-como-delegado-del-imss-norte-en-veracruz","status":"publish","type":"post","link":"http:\/\/vertienteglobal.com\/?p=135548","title":{"rendered":"Rinde protesta Candelario P\u00e9rez Alvarado como delegado del IMSS norte en Veracruz"},"content":{"rendered":"\n<div class=\"twitterbutton\" style=\"float: right; padding-left: 5px;\"><a href=\"http:\/\/twitter.com\/share\" class=\"twitter-share-button\" data-count=\"horizontal\" data-text=\"Rinde protesta Candelario P\u00e9rez Alvarado como delegado del IMSS norte en Veracr...\" data-via=\"https:\/\/twitter.com\/VertienteGloba1\" data-url=\"http:\/\/vertienteglobal.com\/?p=135548\" data-lang=\"es\" data-related=\"Informaci\u00f3n general:S\u00edguenos para que est\u00e9ss informado\"><\/a><\/div>\n<figure class=\"wp-block-image\"><img loading=\"lazy\" decoding=\"async\" width=\"600\" height=\"342\" src=\"http:\/\/vertienteglobal.com\/wp-content\/uploads\/2019\/03\/Nuevo-delegado-del-IMSS-Veracruz-candelario-perez-alvarado.jpg\" alt=\"\" class=\"wp-image-135549\" srcset=\"http:\/\/vertienteglobal.com\/wp-content\/uploads\/2019\/03\/Nuevo-delegado-del-IMSS-Veracruz-candelario-perez-alvarado.jpg 600w, http:\/\/vertienteglobal.com\/wp-content\/uploads\/2019\/03\/Nuevo-delegado-del-IMSS-Veracruz-candelario-perez-alvarado-150x86.jpg 150w, http:\/\/vertienteglobal.com\/wp-content\/uploads\/2019\/03\/Nuevo-delegado-del-IMSS-Veracruz-candelario-perez-alvarado-300x171.jpg 300w\" sizes=\"auto, (max-width: 600px) 100vw, 600px\" \/><\/figure>\n\n\n\n<p> [Redacci\u00f3n]<br> Inform\u00f3 que buscaran contratar a 100 m\u00e9dicos para delegaci\u00f3n del IMSS en la regi\u00f3n norte de Veracruz<br> Xalapa, Veracruz.- El nuevo delegado del IMSS en la Delegaci\u00f3n Regional Veracruz Norte, Candelario P\u00e9rez Alvarado, se\u00f1al\u00f3 que buscan contratar a 100 m\u00e9dicos para lograr as\u00ed atender a la poblaci\u00f3n de derechohabientes en esa zona.<br> Y es que luego de tomar protesta, el funcionario federal, se\u00f1al\u00f3: \u00abEstamos participando en un draft de doctores especialistas en la Ciudad de M\u00e9xico, donde estamos buscando contratar a 100 nuevos m\u00e9dicos que nos puedan ayudar en la zona norte, a brindar un mejor servicio\u00bb.<br> Explic\u00f3 que la parte t\u00e9cnica \u00abdictamina\u00bb que con esa cantidad de m\u00e9dicos \u00ablograr\u00edamos estar atendiendo muy bien a nuestra poblaci\u00f3n de derechohabientes\u00bb, por lo que a\u00f1adi\u00f3, \u00abcreemos que nos va a ir muy bien y que vamos a lograr traernos muchos de los talentos que hoy est\u00e1n formados en estas especialidades que se requieren en la zona norte de Veracruz\u00bb.<br> Ante el reclamo por la falta de medicamentos en el estado, sobre todo por los medicamentos para el c\u00e1ncer, Candelario P\u00e9rez Alvarado indic\u00f3 que \u00abse han hecho compras consolidadas, de hecho se est\u00e1 licitando en este momento una compra nacional, pero el instituto de forma inmediata atiende las necesidades a trav\u00e9s de licitaciones en los estados, y en el estado de Veracruz se est\u00e1 atendiendo, no tenemos deficiencia de medicamentos y estamos atendiendo toda la demanda que se presenta en este momento en el instituto\u00bb.<br> En cuanto a las finanzas p\u00fablicas del IMSS en Veracruz, P\u00e9rez Alvarado se\u00f1al\u00f3 que los recursos siempre son finitos, pero que con los recursos con los que se cuenta \u00abestamos haciendo nuestro mejor esfuerzo, vamos a seguir en ello, vamos a hacer una revisi\u00f3n del destino de algunos recursos, porque vamos a buscar reducir los gastos que creemos que no son importantes\u00bb.<br> Por ultimo agreg\u00f3 que se tiene a una Instituci\u00f3n con la mejor evaluaci\u00f3n en Latinoam\u00e9rica, lo que obliga a seguir prestando los mejores servicios y buscar que cada d\u00eda se pueda avanzar en ello.<\/p>\n","protected":false},"excerpt":{"rendered":"<p>[Redacci\u00f3n] Inform\u00f3 que buscaran contratar a 100 m\u00e9dicos para delegaci\u00f3n del IMSS en la regi\u00f3n norte de Veracruz Xalapa, Veracruz.- El nuevo delegado del IMSS en la Delegaci\u00f3n Regional Veracruz Norte, Candelario P\u00e9rez Alvarado, se\u00f1al\u00f3 que buscan contratar a 100 m\u00e9dicos para lograr as\u00ed atender a la poblaci\u00f3n de derechohabientes en esa zona. Y es [&hellip;]<\/p>\n","protected":false},"author":1,"featured_media":135549,"comment_status":"open","ping_status":"open","sticky":false,"template":"","format":"standard","meta":{"footnotes":""},"categories":[7],"tags":[],"class_list":["post-135548","post","type-post","status-publish","format-standard","has-post-thumbnail","hentry","category-veracruz","entry","has-media"],"jetpack_featured_media_url":"http:\/\/vertienteglobal.com\/wp-content\/uploads\/2019\/03\/Nuevo-delegado-del-IMSS-Veracruz-candelario-perez-alvarado.jpg","_links":{"self":[{"href":"http:\/\/vertienteglobal.com\/index.php?rest_route=\/wp\/v2\/posts\/135548","targetHints":{"allow":["GET"]}}],"collection":[{"href":"http:\/\/vertienteglobal.com\/index.php?rest_route=\/wp\/v2\/posts"}],"about":[{"href":"http:\/\/vertienteglobal.com\/index.php?rest_route=\/wp\/v2\/types\/post"}],"author":[{"embeddable":true,"href":"http:\/\/vertienteglobal.com\/index.php?rest_route=\/wp\/v2\/users\/1"}],"replies":[{"embeddable":true,"href":"http:\/\/vertienteglobal.com\/index.php?rest_route=%2Fwp%2Fv2%2Fcomments&post=135548"}],"version-history":[{"count":0,"href":"http:\/\/vertienteglobal.com\/index.php?rest_route=\/wp\/v2\/posts\/135548\/revisions"}],"wp:featuredmedia":[{"embeddable":true,"href":"http:\/\/vertienteglobal.com\/index.php?rest_route=\/wp\/v2\/media\/135549"}],"wp:attachment":[{"href":"http:\/\/vertienteglobal.com\/index.php?rest_route=%2Fwp%2Fv2%2Fmedia&parent=135548"}],"wp:term":[{"taxonomy":"category","embeddable":true,"href":"http:\/\/vertienteglobal.com\/index.php?rest_route=%2Fwp%2Fv2%2Fcategories&post=135548"},{"taxonomy":"post_tag","embeddable":true,"href":"http:\/\/vertienteglobal.com\/index.php?rest_route=%2Fwp%2Fv2%2Ftags&post=135548"}],"curies":[{"name":"wp","href":"https:\/\/api.w.org\/{rel}","templated":true}]}}