{"id":135455,"date":"2019-03-05T21:35:35","date_gmt":"2019-03-06T03:35:35","guid":{"rendered":"http:\/\/vertienteglobal.com\/?p=135455"},"modified":"2019-03-05T20:21:08","modified_gmt":"2019-03-06T02:21:08","slug":"organiza-semarnat-foro-para-disena-el-programa-integral-de-manejo-de-residuos","status":"publish","type":"post","link":"http:\/\/vertienteglobal.com\/?p=135455","title":{"rendered":"Organiza SEMARNAT foro para dise\u00f1a el programa integral de manejo de residuos"},"content":{"rendered":"\n<div class=\"twitterbutton\" style=\"float: right; padding-left: 5px;\"><a href=\"http:\/\/twitter.com\/share\" class=\"twitter-share-button\" data-count=\"horizontal\" data-text=\"Organiza SEMARNAT foro para dise\u00f1a el programa integral de manejo de residuos\" data-via=\"https:\/\/twitter.com\/VertienteGloba1\" data-url=\"http:\/\/vertienteglobal.com\/?p=135455\" data-lang=\"es\" data-related=\"Informaci\u00f3n general:S\u00edguenos para que est\u00e9ss informado\"><\/a><\/div>\n<figure class=\"wp-block-image\"><img loading=\"lazy\" decoding=\"async\" width=\"600\" height=\"357\" src=\"http:\/\/vertienteglobal.com\/wp-content\/uploads\/2019\/03\/foro-sema.jpeg\" alt=\"\" class=\"wp-image-135456\" srcset=\"http:\/\/vertienteglobal.com\/wp-content\/uploads\/2019\/03\/foro-sema.jpeg 600w, http:\/\/vertienteglobal.com\/wp-content\/uploads\/2019\/03\/foro-sema-150x89.jpeg 150w, http:\/\/vertienteglobal.com\/wp-content\/uploads\/2019\/03\/foro-sema-300x179.jpeg 300w\" sizes=\"auto, (max-width: 600px) 100vw, 600px\" \/><\/figure>\n\n\n\n<p> [Redacci\u00f3n]<br> Participan gobiernos federal, estatales y municipales, acad\u00e9micos, expertos en la materia y representantes de la sociedad civil<br> Ciudad de M\u00e9xico.- Con el objetivo de dise\u00f1ar acciones que permitan transitar hacia una gesti\u00f3n integral y sustentable de los residuos s\u00f3lidos urbanos, en la que participen expertos, acad\u00e9micos y sociedad civil, la secretaria de Medio Ambiente y Recursos Naturales, Josefa Gonz\u00e1lez Blanco, inaugur\u00f3 hoy el Foro para dise\u00f1ar el Programa Integral de Manejo de Residuos.<br> En la apertura del \u201cDi\u00e1logo para la Gesti\u00f3n Sustentable Hacia Basura Cero\u201d, realizado en las instalaciones de la SEMARNAT, la funcionaria federal afirm\u00f3 que los tiraderos a cielo abierto representan una tragedia social, por la cantidad de basura y el nivel de contaminaci\u00f3n que afecta la salud de la poblaci\u00f3n.<br> Para resolver esta problem\u00e1tica, se\u00f1al\u00f3, no debemos \u00fanicamente remediar, sino tambi\u00e9n atender y apoyar a las personas que dependen econ\u00f3micamente de esos tiraderos, para que tengan un espacio y un trabajo digno y puedan acceder a una econom\u00eda s\u00f3lida.<br> Ante la diputada Beatriz Manrique Guevara y el senador Eduardo Enrique Murat Hinojosa, ambos presidentes de la Comisi\u00f3n de Medio Ambiente, Sustentabilidad, Cambio Clim\u00e1tico y Recursos Naturales en sus respectivas C\u00e1maras, la Titular de la SEMARNAT expuso que todos los mexicanos debemos tomar conciencia sobre el problema de los residuos s\u00f3lidos, porque todos consumimos, todos tiramos y todos desechamos. \u201cSomos actores y provocadores del problema y tambi\u00e9n de la soluci\u00f3n\u201d, se\u00f1al\u00f3.<br> Por su parte, el Subsecretario de Gesti\u00f3n para la Protecci\u00f3n Ambiental, Sergio S\u00e1nchez, afirm\u00f3 que este Foro tiene el reto de construir una nueva visi\u00f3n que incluya las consideraciones de la Agenda 2030, comenzando por el abatimiento de la pobreza, objetivo central de esta Administraci\u00f3n, con una mayor transparencia para evitar el mal uso de los recursos y pol\u00edticas fallidas, as\u00ed como las consideraciones del cambio clim\u00e1tico.<br> El funcionario federal dijo que es un paso para que podamos articular esfuerzos basados en los conocimientos, experiencias, inquietudes y visiones de todos: gobierno federal, gobiernos estatales y municipales, y tambi\u00e9n de la sociedad civil, el sector privado y los especialistas de las universidades.<br> Inst\u00f3 a hacer un Foro altamente participativo, con la  idea de avanzar juntos hacia esa visi\u00f3n, y materializarla en un plan nacional que permita a todos trabajar de manera conjunta.<br> A su vez, Jorge S\u00e1nchez G\u00f3mez, asesor de la Secretar\u00eda y experto en manejo de residuos, se\u00f1al\u00f3 que es indispensable la participaci\u00f3n social y la responsabilidad compartida de los diferentes actores para poder generar el cambio. A\u00f1adi\u00f3 que se  requiere hacer de los residuos un \u00e1rea de oportunidades para todos los sectores involucrados.<br> En la inauguraci\u00f3n estuvieron presentes la Subsecretaria de Planeaci\u00f3n y Pol\u00edtica Ambiental, Katya Puga Cornejo; las secretarias de Medio Ambiente de Yucat\u00e1n y Veracruz, Sayda Rodr\u00edguez G\u00f3mez y Roc\u00edo P\u00e9rez P\u00e9rez, respectivamente; el experto de residuos s\u00f3lidos de la SEMARNAT, Jorge S\u00e1nchez G\u00f3mez, y el Gerente de Calidad del Agua de la CONAGUA, Erick Guti\u00e9rrez.<br> A lo largo del d\u00eda se desarrollaron distintas mesas de trabajo en las que participaron expertos del Instituto Polit\u00e9cnico Nacional, del Consejo Nacional de Ciencia y Tecnolog\u00eda, del Colegio de Ingenieros Civiles, de la Universidad Aut\u00f3noma de Quer\u00e9taro, del Banco Nacional de Obras y Servicios y del Colegio de Ingenieros Ambientales de M\u00e9xico, entre otros.<br> Se analizaron temas como marco legal y normativo, administraci\u00f3n y gerencia de los servicios de aseo urbano; aspectos t\u00e9cnicos, operacionales y ambientales; econom\u00eda del sector de los residuos s\u00f3lidos, participaci\u00f3n ciudadana, desarrollo social y cultura ambiental, as\u00ed como tecnolog\u00edas para el manejo de los residuos, promoci\u00f3n de una cultura ambiental sustentable, y percepci\u00f3n de M\u00e9xico al exterior, temas dirigidos a resolver este grave problema en M\u00e9xico.<\/p>\n","protected":false},"excerpt":{"rendered":"<p>[Redacci\u00f3n] Participan gobiernos federal, estatales y municipales, acad\u00e9micos, expertos en la materia y representantes de la sociedad civil Ciudad de M\u00e9xico.- Con el objetivo de dise\u00f1ar acciones que permitan transitar hacia una gesti\u00f3n integral y sustentable de los residuos s\u00f3lidos urbanos, en la que participen expertos, acad\u00e9micos y sociedad civil, la secretaria de Medio Ambiente [&hellip;]<\/p>\n","protected":false},"author":1,"featured_media":135456,"comment_status":"open","ping_status":"open","sticky":false,"template":"","format":"standard","meta":{"footnotes":""},"categories":[8],"tags":[],"class_list":["post-135455","post","type-post","status-publish","format-standard","has-post-thumbnail","hentry","category-pais","entry","has-media"],"jetpack_featured_media_url":"http:\/\/vertienteglobal.com\/wp-content\/uploads\/2019\/03\/foro-sema.jpeg","_links":{"self":[{"href":"http:\/\/vertienteglobal.com\/index.php?rest_route=\/wp\/v2\/posts\/135455","targetHints":{"allow":["GET"]}}],"collection":[{"href":"http:\/\/vertienteglobal.com\/index.php?rest_route=\/wp\/v2\/posts"}],"about":[{"href":"http:\/\/vertienteglobal.com\/index.php?rest_route=\/wp\/v2\/types\/post"}],"author":[{"embeddable":true,"href":"http:\/\/vertienteglobal.com\/index.php?rest_route=\/wp\/v2\/users\/1"}],"replies":[{"embeddable":true,"href":"http:\/\/vertienteglobal.com\/index.php?rest_route=%2Fwp%2Fv2%2Fcomments&post=135455"}],"version-history":[{"count":0,"href":"http:\/\/vertienteglobal.com\/index.php?rest_route=\/wp\/v2\/posts\/135455\/revisions"}],"wp:featuredmedia":[{"embeddable":true,"href":"http:\/\/vertienteglobal.com\/index.php?rest_route=\/wp\/v2\/media\/135456"}],"wp:attachment":[{"href":"http:\/\/vertienteglobal.com\/index.php?rest_route=%2Fwp%2Fv2%2Fmedia&parent=135455"}],"wp:term":[{"taxonomy":"category","embeddable":true,"href":"http:\/\/vertienteglobal.com\/index.php?rest_route=%2Fwp%2Fv2%2Fcategories&post=135455"},{"taxonomy":"post_tag","embeddable":true,"href":"http:\/\/vertienteglobal.com\/index.php?rest_route=%2Fwp%2Fv2%2Ftags&post=135455"}],"curies":[{"name":"wp","href":"https:\/\/api.w.org\/{rel}","templated":true}]}}