{"id":135415,"date":"2019-03-05T13:50:28","date_gmt":"2019-03-05T19:50:28","guid":{"rendered":"http:\/\/vertienteglobal.com\/?p=135415"},"modified":"2019-03-05T17:51:25","modified_gmt":"2019-03-05T23:51:25","slug":"celebraran-aniversario-del-parque-museo-la-venta","status":"publish","type":"post","link":"http:\/\/vertienteglobal.com\/?p=135415","title":{"rendered":"Celebrar\u00e1n aniversario del Parque Museo La Venta"},"content":{"rendered":"\n<div class=\"twitterbutton\" style=\"float: right; padding-left: 5px;\"><a href=\"http:\/\/twitter.com\/share\" class=\"twitter-share-button\" data-count=\"horizontal\" data-text=\"Celebrar\u00e1n aniversario del Parque Museo La Venta\" data-via=\"https:\/\/twitter.com\/VertienteGloba1\" data-url=\"http:\/\/vertienteglobal.com\/?p=135415\" data-lang=\"es\" data-related=\"Informaci\u00f3n general:S\u00edguenos para que est\u00e9ss informado\"><\/a><\/div>\n<figure class=\"wp-block-image\"><img loading=\"lazy\" decoding=\"async\" width=\"600\" height=\"306\" src=\"http:\/\/vertienteglobal.com\/wp-content\/uploads\/2019\/03\/Celebraran-parque-museo-la-venta.jpg\" alt=\"\" class=\"wp-image-135416\" srcset=\"http:\/\/vertienteglobal.com\/wp-content\/uploads\/2019\/03\/Celebraran-parque-museo-la-venta.jpg 600w, http:\/\/vertienteglobal.com\/wp-content\/uploads\/2019\/03\/Celebraran-parque-museo-la-venta-150x77.jpg 150w, http:\/\/vertienteglobal.com\/wp-content\/uploads\/2019\/03\/Celebraran-parque-museo-la-venta-300x153.jpg 300w\" sizes=\"auto, (max-width: 600px) 100vw, 600px\" \/><\/figure>\n\n\n\n<p> [Redacci\u00f3n]<br> El Parque Museo La Venta es un recinto emblem\u00e1tico del pa\u00eds, dise\u00f1ado, organizado y montado por el poeta tabasque\u00f1o Carlos Pellicer C\u00e1mara, ya que inaugurado el 4 de marzo de 1958. Cuenta con un espacio de 6.5 hect\u00e1reas dividido en dos \u00e1reas, la arqueol\u00f3gica y la zool\u00f3gica<br> Villahermosa, Tabasco.- Con motivo del 61 aniversario del Parque Museo La Venta, el Gobierno del estado de Tabasco a trav\u00e9s de la Secretar\u00eda de Cultura (SC), invita al p\u00fablico en general a que asistan a las diversas actividades que tendr\u00e1n lugar este s\u00e1bado 9 de marzo a partir de las 9:30 horas. La entrada a este recinto ser\u00e1 gratuita. <br> Y  las 9:30 y 12:00 horas se tendr\u00e1 la participaci\u00f3n de la Marimba del Gobierno de Tabasco y de 10:00 a 16:00 horas habr\u00e1 venta de artesan\u00edas a cargo del Instituto para el Fomento de las Artesan\u00edas (IFAT).<br> A las 10:00 horas, personal de la Direcci\u00f3n de Patrimonio Cultural presentar\u00e1 la obra de t\u00edteres \u201cMuse\u00edto, una aventura cultural\u201d, la cual promueve el valioso patrimonio del estado por medio de personajes populares, quienes guiar\u00e1n para conocer el maravilloso mundo de los museos y la importancia de visitarlos. <br> A las 11:00 horas, en la sala de usos m\u00faltiples del parque, se desarrollar\u00e1 la charla \u201cVisi\u00f3n del mundo de los cocodrilos\u201d, a cargo de Jos\u00e9 Manuel G\u00f3mez Kim, quien es egresado de la Licenciatura en Ecolog\u00eda y maestrante en Ciencias Ambientales. Fue becario en el Proyecto de Recuperaci\u00f3n del Centro de Investigaci\u00f3n para la Conservaci\u00f3n de Especies Amenazadas y colaborador en el St. Augustine Alligator Farm. <br> En tanto, de 11:00 a 15:00 horas se impartir\u00e1n talleres infantiles; luego a las 13:00 horas se tendr\u00e1 la intervenci\u00f3n de los tamborileros del gobierno del estado y a las 19:00 horas se presentar\u00e1n Las Divas: Lugui Osorio, Claudia Cecilia G\u00f3mez y Laura Bustos, int\u00e9rpretes tabasque\u00f1as con una reconocida trayectoria art\u00edstica y musical, y que se han distinguido por cantar temas de compositores tabasque\u00f1os como Manuel P\u00e9rez Merino, Pepe del Rivero y Cecilio Cupido, as\u00ed como canciones de trova, bossa nova y tropical.   <br> El Parque Museo La Venta es un recinto emblem\u00e1tico del pa\u00eds, dise\u00f1ado, organizado y montado por el poeta tabasque\u00f1o Carlos Pellicer C\u00e1mara. Fue inaugurado el 4 de marzo de 1958. Cuenta con un espacio de 6.5 hect\u00e1reas dividido en dos \u00e1reas, la arqueol\u00f3gica y la zool\u00f3gica, en las que el visitante recorre y admira la flora y fauna del lugar, as\u00ed como las impresionantes piezas de la cultura olmeca que se exhiben al aire libre.<\/p>\n","protected":false},"excerpt":{"rendered":"<p>[Redacci\u00f3n] El Parque Museo La Venta es un recinto emblem\u00e1tico del pa\u00eds, dise\u00f1ado, organizado y montado por el poeta tabasque\u00f1o Carlos Pellicer C\u00e1mara, ya que inaugurado el 4 de marzo de 1958. Cuenta con un espacio de 6.5 hect\u00e1reas dividido en dos \u00e1reas, la arqueol\u00f3gica y la zool\u00f3gica Villahermosa, Tabasco.- Con motivo del 61 aniversario [&hellip;]<\/p>\n","protected":false},"author":1,"featured_media":135416,"comment_status":"open","ping_status":"open","sticky":false,"template":"","format":"standard","meta":{"footnotes":""},"categories":[5],"tags":[],"class_list":["post-135415","post","type-post","status-publish","format-standard","has-post-thumbnail","hentry","category-tabasco","entry","has-media"],"jetpack_featured_media_url":"http:\/\/vertienteglobal.com\/wp-content\/uploads\/2019\/03\/Celebraran-parque-museo-la-venta.jpg","_links":{"self":[{"href":"http:\/\/vertienteglobal.com\/index.php?rest_route=\/wp\/v2\/posts\/135415","targetHints":{"allow":["GET"]}}],"collection":[{"href":"http:\/\/vertienteglobal.com\/index.php?rest_route=\/wp\/v2\/posts"}],"about":[{"href":"http:\/\/vertienteglobal.com\/index.php?rest_route=\/wp\/v2\/types\/post"}],"author":[{"embeddable":true,"href":"http:\/\/vertienteglobal.com\/index.php?rest_route=\/wp\/v2\/users\/1"}],"replies":[{"embeddable":true,"href":"http:\/\/vertienteglobal.com\/index.php?rest_route=%2Fwp%2Fv2%2Fcomments&post=135415"}],"version-history":[{"count":0,"href":"http:\/\/vertienteglobal.com\/index.php?rest_route=\/wp\/v2\/posts\/135415\/revisions"}],"wp:featuredmedia":[{"embeddable":true,"href":"http:\/\/vertienteglobal.com\/index.php?rest_route=\/wp\/v2\/media\/135416"}],"wp:attachment":[{"href":"http:\/\/vertienteglobal.com\/index.php?rest_route=%2Fwp%2Fv2%2Fmedia&parent=135415"}],"wp:term":[{"taxonomy":"category","embeddable":true,"href":"http:\/\/vertienteglobal.com\/index.php?rest_route=%2Fwp%2Fv2%2Fcategories&post=135415"},{"taxonomy":"post_tag","embeddable":true,"href":"http:\/\/vertienteglobal.com\/index.php?rest_route=%2Fwp%2Fv2%2Ftags&post=135415"}],"curies":[{"name":"wp","href":"https:\/\/api.w.org\/{rel}","templated":true}]}}