{"id":135218,"date":"2019-03-02T08:50:28","date_gmt":"2019-03-02T14:50:28","guid":{"rendered":"http:\/\/vertienteglobal.com\/?p=135218"},"modified":"2019-03-02T10:52:22","modified_gmt":"2019-03-02T16:52:22","slug":"hoy-hay-cierres-viales-en-el-centro-de-veracruz-por-actividades-del-carnaval","status":"publish","type":"post","link":"http:\/\/vertienteglobal.com\/?p=135218","title":{"rendered":"Hoy hay cierres viales en el Centro de Veracruz por actividades del Carnaval"},"content":{"rendered":"\n<div class=\"twitterbutton\" style=\"float: right; padding-left: 5px;\"><a href=\"http:\/\/twitter.com\/share\" class=\"twitter-share-button\" data-count=\"horizontal\" data-text=\"Hoy hay cierres viales en el Centro de Veracruz por actividades del Carnaval\" data-via=\"https:\/\/twitter.com\/VertienteGloba1\" data-url=\"http:\/\/vertienteglobal.com\/?p=135218\" data-lang=\"es\" data-related=\"Informaci\u00f3n general:S\u00edguenos para que est\u00e9ss informado\"><\/a><\/div>\n<figure class=\"wp-block-image\"><img loading=\"lazy\" decoding=\"async\" width=\"600\" height=\"364\" src=\"http:\/\/vertienteglobal.com\/wp-content\/uploads\/2019\/03\/cierres-viales-en-el-Centro-de-Veracruz.jpg\" alt=\"\" class=\"wp-image-135219\" srcset=\"http:\/\/vertienteglobal.com\/wp-content\/uploads\/2019\/03\/cierres-viales-en-el-Centro-de-Veracruz.jpg 600w, http:\/\/vertienteglobal.com\/wp-content\/uploads\/2019\/03\/cierres-viales-en-el-Centro-de-Veracruz-150x91.jpg 150w, http:\/\/vertienteglobal.com\/wp-content\/uploads\/2019\/03\/cierres-viales-en-el-Centro-de-Veracruz-300x182.jpg 300w\" sizes=\"auto, (max-width: 600px) 100vw, 600px\" \/><\/figure>\n\n\n\n<p> [Redacci\u00f3n]<br> Exhort\u00f3 a los automovilistas que no acudan a las actividades del Carnaval, evitar el centro de la ciudad de Veracruz por la problem\u00e1tica que se genera en la zona<br> Veracruz, Veracruz.- A partir de las 17:00 horas de este viernes habr\u00e1 algunos cierres viales en el primer cuadro de la ciudad, con motivo de las actividades del Carnaval de Veracruz.<br> Y es que el director de Tr\u00e1nsito Municipal, Arturo Garc\u00eda Garc\u00eda, inform\u00f3 que a esa hora en un inicio ser\u00e1n cerradas las avenidas Independencia; 5 de Mayo y las boca calles, por la realizaci\u00f3n de un desfile a las 19:00 horas.<br> Dijo que antes, alrededor de las 14:00 horas se notificar\u00e1 a los automovilistas que no se pueden estacionar sobre esas v\u00edas, porque a las 16:00 horas tienen que estar despejadas.<br> Tambi\u00e9n, habr\u00e1 otro corte a la circulaci\u00f3n vial G\u00f3mez Far\u00edas y Xicot\u00e9ncatl para desviar la circulaci\u00f3n hacia Landero y Coss y posteriormente a Marina Mercante.<br> Las v\u00edas alternas para circular de sur a norte y viceversa son las avenidas Miguel Alem\u00e1n y Allende. <br> Afirmo: \u00abYo sugerir\u00eda tratar de evitar Xicot\u00e9ncatl porque tenemos una obra enfrente del Registro Civil, en la calle Ju\u00e1rez, y nos est\u00e1n restringiendo a un solo carril\u00bb.<br> Para la noche, y con motivo de la coronaci\u00f3n de la Corte Real en la macroplaza del malec\u00f3n, tambi\u00e9n estar\u00e1n cerradas las avenidas Insurgentes Veracruzanos y Aquiles Serd\u00e1n.<br> Exhort\u00f3 a los automovilistas que no acudan a las actividades del Carnaval, evitar el centro de la ciudad de Veracruz por la problem\u00e1tica que se genera en la zona.<\/p>\n","protected":false},"excerpt":{"rendered":"<p>[Redacci\u00f3n] Exhort\u00f3 a los automovilistas que no acudan a las actividades del Carnaval, evitar el centro de la ciudad de Veracruz por la problem\u00e1tica que se genera en la zona Veracruz, Veracruz.- A partir de las 17:00 horas de este viernes habr\u00e1 algunos cierres viales en el primer cuadro de la ciudad, con motivo de [&hellip;]<\/p>\n","protected":false},"author":1,"featured_media":135219,"comment_status":"open","ping_status":"open","sticky":false,"template":"","format":"standard","meta":{"footnotes":""},"categories":[7],"tags":[],"class_list":["post-135218","post","type-post","status-publish","format-standard","has-post-thumbnail","hentry","category-veracruz","entry","has-media"],"jetpack_featured_media_url":"http:\/\/vertienteglobal.com\/wp-content\/uploads\/2019\/03\/cierres-viales-en-el-Centro-de-Veracruz.jpg","_links":{"self":[{"href":"http:\/\/vertienteglobal.com\/index.php?rest_route=\/wp\/v2\/posts\/135218","targetHints":{"allow":["GET"]}}],"collection":[{"href":"http:\/\/vertienteglobal.com\/index.php?rest_route=\/wp\/v2\/posts"}],"about":[{"href":"http:\/\/vertienteglobal.com\/index.php?rest_route=\/wp\/v2\/types\/post"}],"author":[{"embeddable":true,"href":"http:\/\/vertienteglobal.com\/index.php?rest_route=\/wp\/v2\/users\/1"}],"replies":[{"embeddable":true,"href":"http:\/\/vertienteglobal.com\/index.php?rest_route=%2Fwp%2Fv2%2Fcomments&post=135218"}],"version-history":[{"count":0,"href":"http:\/\/vertienteglobal.com\/index.php?rest_route=\/wp\/v2\/posts\/135218\/revisions"}],"wp:featuredmedia":[{"embeddable":true,"href":"http:\/\/vertienteglobal.com\/index.php?rest_route=\/wp\/v2\/media\/135219"}],"wp:attachment":[{"href":"http:\/\/vertienteglobal.com\/index.php?rest_route=%2Fwp%2Fv2%2Fmedia&parent=135218"}],"wp:term":[{"taxonomy":"category","embeddable":true,"href":"http:\/\/vertienteglobal.com\/index.php?rest_route=%2Fwp%2Fv2%2Fcategories&post=135218"},{"taxonomy":"post_tag","embeddable":true,"href":"http:\/\/vertienteglobal.com\/index.php?rest_route=%2Fwp%2Fv2%2Ftags&post=135218"}],"curies":[{"name":"wp","href":"https:\/\/api.w.org\/{rel}","templated":true}]}}