{"id":135114,"date":"2019-02-28T22:36:54","date_gmt":"2019-03-01T04:36:54","guid":{"rendered":"http:\/\/vertienteglobal.com\/?p=135114"},"modified":"2019-03-01T18:18:02","modified_gmt":"2019-03-02T00:18:02","slug":"reconoce-adan-augusto-impulso-nacional-e-internacional-de-la-ujat","status":"publish","type":"post","link":"http:\/\/vertienteglobal.com\/?p=135114","title":{"rendered":"Reconoce Ad\u00e1n Augusto impulso nacional e internacional de la UJAT"},"content":{"rendered":"\n<div class=\"twitterbutton\" style=\"float: right; padding-left: 5px;\"><a href=\"http:\/\/twitter.com\/share\" class=\"twitter-share-button\" data-count=\"horizontal\" data-text=\"Reconoce Ad\u00e1n Augusto impulso nacional e internacional de la UJAT\" data-via=\"https:\/\/twitter.com\/VertienteGloba1\" data-url=\"http:\/\/vertienteglobal.com\/?p=135114\" data-lang=\"es\" data-related=\"Informaci\u00f3n general:S\u00edguenos para que est\u00e9ss informado\"><\/a><\/div>\n<figure class=\"wp-block-image\"><img loading=\"lazy\" decoding=\"async\" width=\"600\" height=\"360\" src=\"http:\/\/vertienteglobal.com\/wp-content\/uploads\/2019\/03\/Adan-lopez-reconoce-a-la-UJAT.jpg\" alt=\"\" class=\"wp-image-135115\" srcset=\"http:\/\/vertienteglobal.com\/wp-content\/uploads\/2019\/03\/Adan-lopez-reconoce-a-la-UJAT.jpg 600w, http:\/\/vertienteglobal.com\/wp-content\/uploads\/2019\/03\/Adan-lopez-reconoce-a-la-UJAT-150x90.jpg 150w, http:\/\/vertienteglobal.com\/wp-content\/uploads\/2019\/03\/Adan-lopez-reconoce-a-la-UJAT-300x180.jpg 300w\" sizes=\"auto, (max-width: 600px) 100vw, 600px\" \/><\/figure>\n\n\n\n<p> [Carlo Magno Mendiola Rodr\u00edguez]<br> El mandatario destac\u00f3 que tambi\u00e9n el a\u00f1o pasado la Subsecretar\u00eda de Educaci\u00f3n Superior de la Secretar\u00eda de Educaci\u00f3n P\u00fablica (SEP), le otorg\u00f3 un reconocimiento por ubicarse entre las cinco mejores universidades p\u00fablicas aut\u00f3nomas del pa\u00eds<br> Villahermosa, tabasco.- Al asistir al tercer informe de actividades 2018 del rector de la Universidad Ju\u00e1rez Aut\u00f3noma de Tabasco (UJAT), Jos\u00e9 Manuel Pi\u00f1a Guti\u00e9rrez, el gobernador Ad\u00e1n Augusto L\u00f3pez Hern\u00e1ndez se comprometi\u00f3 a apoyarla durante este a\u00f1o para que siga fortaleci\u00e9ndose y consolid\u00e1ndose como una de las mejores del pa\u00eds.<br> \u201cEs un orgullo que nuestra Universidad el a\u00f1o pasado haya sido elegida entre las 20 mejores a nivel nacional por una prestigiada instituci\u00f3n que publica una revista en Chile. Es un indicativo de la calidad de la UJAT y del esfuerzo colectiva de su comunidad\u201d, asegur\u00f3 en el auditorio \u201cEduardo Alday\u201d de la Unidad Bicentenario.<br> El mandatario destac\u00f3 que tambi\u00e9n el a\u00f1o pasado la Subsecretar\u00eda de Educaci\u00f3n Superior de la Secretar\u00eda de Educaci\u00f3n P\u00fablica (SEP), le otorg\u00f3 un reconocimiento por ubicarse entre las cinco mejores universidades p\u00fablicas aut\u00f3nomas del pa\u00eds. El trabajo que ustedes realizan no de ahora, sino de muchos a\u00f1os, se ve reflejado en el reconocimiento nacional e internacional que tienen, puntualiz\u00f3.<br> En la sesi\u00f3n solemne del Honorable Consejo Universitario, el Ejecutivo destac\u00f3 que todo lo que ha realizado en su vida como profesionista, se lo debe a la UJAT. \u201cFelicito no solamente al rector, sino a toda la comunidad universitaria por su destacado esfuerzo, y me comprometo a inaugurar las instalaciones que est\u00e1n pendientes y a continuar apoy\u00e1ndola\u201d, subray\u00f3.<br> En su oportunidad, el rector de la Universidad dijo que uno de los renglones en que m\u00e1s se ha aplicado es en la gesti\u00f3n para obtener recursos para la continuaci\u00f3n y el mejoramiento de la infraestructura f\u00edsica. Pi\u00f1a Guti\u00e9rrez invit\u00f3 al mandatario a inaugurar un moderno edificio en el Campus Chontalpa, el Centro de Investigaci\u00f3n en Ciencia y Tecnolog\u00eda Aplicada.<br> Asistieron a la ceremonia, la presidenta del Sistema DIF Tabasco, Dea Isabel Estrada de L\u00f3pez; el director de Fortalecimiento Institucional de la Subsecretar\u00eda de Educaci\u00f3n Superior de la SEP, Isa\u00edas Elizarraraz Alcaraz; el director general acad\u00e9mico de la ANUIES, Roberto Villers Aispurio, y los integrantes del Honorable Consejo Universitario, entre otros invitados.<\/p>\n","protected":false},"excerpt":{"rendered":"<p>[Carlo Magno Mendiola Rodr\u00edguez] El mandatario destac\u00f3 que tambi\u00e9n el a\u00f1o pasado la Subsecretar\u00eda de Educaci\u00f3n Superior de la Secretar\u00eda de Educaci\u00f3n P\u00fablica (SEP), le otorg\u00f3 un reconocimiento por ubicarse entre las cinco mejores universidades p\u00fablicas aut\u00f3nomas del pa\u00eds Villahermosa, tabasco.- Al asistir al tercer informe de actividades 2018 del rector de la Universidad Ju\u00e1rez [&hellip;]<\/p>\n","protected":false},"author":1,"featured_media":135115,"comment_status":"open","ping_status":"open","sticky":false,"template":"","format":"standard","meta":{"footnotes":""},"categories":[9,5],"tags":[],"class_list":["post-135114","post","type-post","status-publish","format-standard","has-post-thumbnail","hentry","category-educacion","category-tabasco","entry","has-media"],"jetpack_featured_media_url":"http:\/\/vertienteglobal.com\/wp-content\/uploads\/2019\/03\/Adan-lopez-reconoce-a-la-UJAT.jpg","_links":{"self":[{"href":"http:\/\/vertienteglobal.com\/index.php?rest_route=\/wp\/v2\/posts\/135114","targetHints":{"allow":["GET"]}}],"collection":[{"href":"http:\/\/vertienteglobal.com\/index.php?rest_route=\/wp\/v2\/posts"}],"about":[{"href":"http:\/\/vertienteglobal.com\/index.php?rest_route=\/wp\/v2\/types\/post"}],"author":[{"embeddable":true,"href":"http:\/\/vertienteglobal.com\/index.php?rest_route=\/wp\/v2\/users\/1"}],"replies":[{"embeddable":true,"href":"http:\/\/vertienteglobal.com\/index.php?rest_route=%2Fwp%2Fv2%2Fcomments&post=135114"}],"version-history":[{"count":0,"href":"http:\/\/vertienteglobal.com\/index.php?rest_route=\/wp\/v2\/posts\/135114\/revisions"}],"wp:featuredmedia":[{"embeddable":true,"href":"http:\/\/vertienteglobal.com\/index.php?rest_route=\/wp\/v2\/media\/135115"}],"wp:attachment":[{"href":"http:\/\/vertienteglobal.com\/index.php?rest_route=%2Fwp%2Fv2%2Fmedia&parent=135114"}],"wp:term":[{"taxonomy":"category","embeddable":true,"href":"http:\/\/vertienteglobal.com\/index.php?rest_route=%2Fwp%2Fv2%2Fcategories&post=135114"},{"taxonomy":"post_tag","embeddable":true,"href":"http:\/\/vertienteglobal.com\/index.php?rest_route=%2Fwp%2Fv2%2Ftags&post=135114"}],"curies":[{"name":"wp","href":"https:\/\/api.w.org\/{rel}","templated":true}]}}