{"id":135109,"date":"2019-02-28T21:43:18","date_gmt":"2019-03-01T03:43:18","guid":{"rendered":"http:\/\/vertienteglobal.com\/?p=135109"},"modified":"2019-03-01T18:14:21","modified_gmt":"2019-03-02T00:14:21","slug":"designan-a-hector-yunes-enlace-de-comision-de-seguridad-publica-del-gobierno-federal-estatal-y-municipal","status":"publish","type":"post","link":"http:\/\/vertienteglobal.com\/?p=135109","title":{"rendered":"Designan a H\u00e9ctor Yunes enlace de Comisi\u00f3n de Seguridad P\u00fablica del gobierno Federal, estatal y municipal"},"content":{"rendered":"\n<div class=\"twitterbutton\" style=\"float: right; padding-left: 5px;\"><a href=\"http:\/\/twitter.com\/share\" class=\"twitter-share-button\" data-count=\"horizontal\" data-text=\"Designan a H\u00e9ctor Yunes enlace de Comisi\u00f3n de Seguridad P\u00fablica del gobierno ...\" data-via=\"https:\/\/twitter.com\/VertienteGloba1\" data-url=\"http:\/\/vertienteglobal.com\/?p=135109\" data-lang=\"es\" data-related=\"Informaci\u00f3n general:S\u00edguenos para que est\u00e9ss informado\"><\/a><\/div>\n<figure class=\"wp-block-image\"><img loading=\"lazy\" decoding=\"async\" width=\"600\" height=\"343\" src=\"http:\/\/vertienteglobal.com\/wp-content\/uploads\/2019\/03\/Hector-Yunes.jpg\" alt=\"\" class=\"wp-image-135110\" srcset=\"http:\/\/vertienteglobal.com\/wp-content\/uploads\/2019\/03\/Hector-Yunes.jpg 600w, http:\/\/vertienteglobal.com\/wp-content\/uploads\/2019\/03\/Hector-Yunes-150x86.jpg 150w, http:\/\/vertienteglobal.com\/wp-content\/uploads\/2019\/03\/Hector-Yunes-300x172.jpg 300w\" sizes=\"auto, (max-width: 600px) 100vw, 600px\" \/><\/figure>\n\n\n\n<p> [Redacci\u00f3n]<br> Dijo que su \u201cconstante participaci\u00f3n en la comisi\u00f3n de seguridad P\u00fablica en los temas que tienen que ver con Veracruz creo que voltearon los ojos mis compa\u00f1eros para poder ocupar esta tarea\u201d<br> Veracruz, Veracruz.- El diputado con licencia, H\u00e9ctor Yunes Landa inform\u00f3 que este jueves fue nombrado enlace Federal, Estatal y Municipal de la Comisi\u00f3n de Seguridad P\u00fablica de la C\u00e1mara de diputados.<br> Y es que entrevistado por diversos medios de comunicaci\u00f3n, Yunes landa, se\u00f1al\u00f3: \u201cEs una de las comisiones m\u00e1s grandes que tiene el Congreso de la Uni\u00f3n, fungir como enlace con el Gobierno de la Rep\u00fablica, con todos los gobernadores del pa\u00eds y con todos los ayuntamientos para ser un conducto que vincule a los tres \u00f3rdenes de gobierno desde el congreso de la uni\u00f3n para temas de seguridad\u201d.<br> Dijo que su \u201cconstante participaci\u00f3n en la comisi\u00f3n de seguridad P\u00fablica en los temas que tienen que ver con Veracruz creo que voltearon los ojos mis compa\u00f1eros para poder ocupar esta tarea\u201d.<br> Agreg\u00f3 que se debe \u201chacer a un lado las diferencias partidistas, los sistemas de car\u00e1cter ide\u00f3logo y a luchar contra lo que m\u00e1s nos l\u00e1stima que es la inseguridad\u201d.<\/p>\n","protected":false},"excerpt":{"rendered":"<p>[Redacci\u00f3n] Dijo que su \u201cconstante participaci\u00f3n en la comisi\u00f3n de seguridad P\u00fablica en los temas que tienen que ver con Veracruz creo que voltearon los ojos mis compa\u00f1eros para poder ocupar esta tarea\u201d Veracruz, Veracruz.- El diputado con licencia, H\u00e9ctor Yunes Landa inform\u00f3 que este jueves fue nombrado enlace Federal, Estatal y Municipal de la [&hellip;]<\/p>\n","protected":false},"author":1,"featured_media":135110,"comment_status":"open","ping_status":"open","sticky":false,"template":"","format":"standard","meta":{"footnotes":""},"categories":[7],"tags":[],"class_list":["post-135109","post","type-post","status-publish","format-standard","has-post-thumbnail","hentry","category-veracruz","entry","has-media"],"jetpack_featured_media_url":"http:\/\/vertienteglobal.com\/wp-content\/uploads\/2019\/03\/Hector-Yunes.jpg","_links":{"self":[{"href":"http:\/\/vertienteglobal.com\/index.php?rest_route=\/wp\/v2\/posts\/135109","targetHints":{"allow":["GET"]}}],"collection":[{"href":"http:\/\/vertienteglobal.com\/index.php?rest_route=\/wp\/v2\/posts"}],"about":[{"href":"http:\/\/vertienteglobal.com\/index.php?rest_route=\/wp\/v2\/types\/post"}],"author":[{"embeddable":true,"href":"http:\/\/vertienteglobal.com\/index.php?rest_route=\/wp\/v2\/users\/1"}],"replies":[{"embeddable":true,"href":"http:\/\/vertienteglobal.com\/index.php?rest_route=%2Fwp%2Fv2%2Fcomments&post=135109"}],"version-history":[{"count":0,"href":"http:\/\/vertienteglobal.com\/index.php?rest_route=\/wp\/v2\/posts\/135109\/revisions"}],"wp:featuredmedia":[{"embeddable":true,"href":"http:\/\/vertienteglobal.com\/index.php?rest_route=\/wp\/v2\/media\/135110"}],"wp:attachment":[{"href":"http:\/\/vertienteglobal.com\/index.php?rest_route=%2Fwp%2Fv2%2Fmedia&parent=135109"}],"wp:term":[{"taxonomy":"category","embeddable":true,"href":"http:\/\/vertienteglobal.com\/index.php?rest_route=%2Fwp%2Fv2%2Fcategories&post=135109"},{"taxonomy":"post_tag","embeddable":true,"href":"http:\/\/vertienteglobal.com\/index.php?rest_route=%2Fwp%2Fv2%2Ftags&post=135109"}],"curies":[{"name":"wp","href":"https:\/\/api.w.org\/{rel}","templated":true}]}}