{"id":134837,"date":"2019-02-24T18:38:58","date_gmt":"2019-02-25T00:38:58","guid":{"rendered":"http:\/\/vertienteglobal.com\/?p=134837"},"modified":"2019-02-25T01:14:13","modified_gmt":"2019-02-25T07:14:13","slug":"hoteleros-esperan-lleno-total-para-el-fin-de-semana-de-carnaval-en-veracruz","status":"publish","type":"post","link":"http:\/\/vertienteglobal.com\/?p=134837","title":{"rendered":"Hoteleros esperan lleno total para el fin de semana de Carnaval en Veracruz"},"content":{"rendered":"\n<div class=\"twitterbutton\" style=\"float: right; padding-left: 5px;\"><a href=\"http:\/\/twitter.com\/share\" class=\"twitter-share-button\" data-count=\"horizontal\" data-text=\"Hoteleros esperan lleno total para el fin de semana de Carnaval en Veracruz\" data-via=\"https:\/\/twitter.com\/VertienteGloba1\" data-url=\"http:\/\/vertienteglobal.com\/?p=134837\" data-lang=\"es\" data-related=\"Informaci\u00f3n general:S\u00edguenos para que est\u00e9ss informado\"><\/a><\/div>\n<figure class=\"wp-block-image\"><img loading=\"lazy\" decoding=\"async\" width=\"600\" height=\"346\" src=\"http:\/\/vertienteglobal.com\/wp-content\/uploads\/2019\/02\/Zona-hotelera-de-Veracruz.jpg\" alt=\"\" class=\"wp-image-134838\" srcset=\"http:\/\/vertienteglobal.com\/wp-content\/uploads\/2019\/02\/Zona-hotelera-de-Veracruz.jpg 600w, http:\/\/vertienteglobal.com\/wp-content\/uploads\/2019\/02\/Zona-hotelera-de-Veracruz-150x87.jpg 150w, http:\/\/vertienteglobal.com\/wp-content\/uploads\/2019\/02\/Zona-hotelera-de-Veracruz-300x173.jpg 300w\" sizes=\"auto, (max-width: 600px) 100vw, 600px\" \/><\/figure>\n\n\n\n<p> [Redacci\u00f3n]    <br> Informo que en promedio por los tres d\u00edas estar\u00e1 alrededor de un 80 por ciento la ocupaci\u00f3n hotelera en la zona conurbada Veracruz-Boca del R\u00edo<br> Veracruz, Veracruz.- El presidente de la Asociaci\u00f3n de Hoteles y Moteles de Veracruz, Sergio Lois Heredia, afirm\u00f3 que para el fin de semana de Carnaval, el sector hotelero espera un lleno total en la ocupaci\u00f3n de la zona conurbada.<br> Y es que entrevistado por diversos medios de comunicaci\u00f3n, el empresario hotelero, se\u00f1al\u00f3: \u201cPara lo que es el s\u00e1bado lleno total, s\u00e1bado y domingo lleno total, esperemos que viernes tambi\u00e9n y para el domingo ya esperamos que est\u00e9 un poquito menos afluente la situaci\u00f3n, estamos esperando cerrar el domingo alrededor de un 70 por ciento\u201d.<br> Manifest\u00f3 que a la fecha llevan alrededor del 70 por ciento de ocupaciones para el viernes y s\u00e1bado de Carnaval.<br> Dijo: \u201cAhorita ya estamos llegando con un porcentaje de reservaciones ya casi de un 70 por ciento para el viernes y s\u00e1bado, el s\u00e1bado vamos a tener casi un lleno\u201d.<br> Por ultimo agreg\u00f3 que en promedio por los tres d\u00edas estar\u00e1 alrededor de un 80 por ciento la ocupaci\u00f3n hotelera en la zona conurbada Veracruz-Boca del R\u00edo.<\/p>\n","protected":false},"excerpt":{"rendered":"<p>[Redacci\u00f3n] Informo que en promedio por los tres d\u00edas estar\u00e1 alrededor de un 80 por ciento la ocupaci\u00f3n hotelera en la zona conurbada Veracruz-Boca del R\u00edo Veracruz, Veracruz.- El presidente de la Asociaci\u00f3n de Hoteles y Moteles de Veracruz, Sergio Lois Heredia, afirm\u00f3 que para el fin de semana de Carnaval, el sector hotelero espera [&hellip;]<\/p>\n","protected":false},"author":1,"featured_media":134838,"comment_status":"open","ping_status":"open","sticky":false,"template":"","format":"standard","meta":{"footnotes":""},"categories":[7],"tags":[],"class_list":["post-134837","post","type-post","status-publish","format-standard","has-post-thumbnail","hentry","category-veracruz","entry","has-media"],"jetpack_featured_media_url":"http:\/\/vertienteglobal.com\/wp-content\/uploads\/2019\/02\/Zona-hotelera-de-Veracruz.jpg","_links":{"self":[{"href":"http:\/\/vertienteglobal.com\/index.php?rest_route=\/wp\/v2\/posts\/134837","targetHints":{"allow":["GET"]}}],"collection":[{"href":"http:\/\/vertienteglobal.com\/index.php?rest_route=\/wp\/v2\/posts"}],"about":[{"href":"http:\/\/vertienteglobal.com\/index.php?rest_route=\/wp\/v2\/types\/post"}],"author":[{"embeddable":true,"href":"http:\/\/vertienteglobal.com\/index.php?rest_route=\/wp\/v2\/users\/1"}],"replies":[{"embeddable":true,"href":"http:\/\/vertienteglobal.com\/index.php?rest_route=%2Fwp%2Fv2%2Fcomments&post=134837"}],"version-history":[{"count":0,"href":"http:\/\/vertienteglobal.com\/index.php?rest_route=\/wp\/v2\/posts\/134837\/revisions"}],"wp:featuredmedia":[{"embeddable":true,"href":"http:\/\/vertienteglobal.com\/index.php?rest_route=\/wp\/v2\/media\/134838"}],"wp:attachment":[{"href":"http:\/\/vertienteglobal.com\/index.php?rest_route=%2Fwp%2Fv2%2Fmedia&parent=134837"}],"wp:term":[{"taxonomy":"category","embeddable":true,"href":"http:\/\/vertienteglobal.com\/index.php?rest_route=%2Fwp%2Fv2%2Fcategories&post=134837"},{"taxonomy":"post_tag","embeddable":true,"href":"http:\/\/vertienteglobal.com\/index.php?rest_route=%2Fwp%2Fv2%2Ftags&post=134837"}],"curies":[{"name":"wp","href":"https:\/\/api.w.org\/{rel}","templated":true}]}}