{"id":134817,"date":"2019-02-24T11:44:07","date_gmt":"2019-02-24T17:44:07","guid":{"rendered":"http:\/\/vertienteglobal.com\/?p=134817"},"modified":"2019-02-24T14:06:13","modified_gmt":"2019-02-24T20:06:13","slug":"encabeza-adan-augusto-ceremonia-del-198-aniversario-del-dia-de-la-bandera","status":"publish","type":"post","link":"http:\/\/vertienteglobal.com\/?p=134817","title":{"rendered":"Encabeza Ad\u00e1n Augusto ceremonia del 198 aniversario del D\u00eda de la Bandera"},"content":{"rendered":"\n<div class=\"twitterbutton\" style=\"float: right; padding-left: 5px;\"><a href=\"http:\/\/twitter.com\/share\" class=\"twitter-share-button\" data-count=\"horizontal\" data-text=\"Encabeza Ad\u00e1n Augusto ceremonia del 198 aniversario del D\u00eda de la Bandera\" data-via=\"https:\/\/twitter.com\/VertienteGloba1\" data-url=\"http:\/\/vertienteglobal.com\/?p=134817\" data-lang=\"es\" data-related=\"Informaci\u00f3n general:S\u00edguenos para que est\u00e9ss informado\"><\/a><\/div>\n<figure class=\"wp-block-image\"><img loading=\"lazy\" decoding=\"async\" width=\"600\" height=\"388\" src=\"http:\/\/vertienteglobal.com\/wp-content\/uploads\/2019\/02\/Adan-Lopez-dia-de-la-bandera.jpg\" alt=\"\" class=\"wp-image-134818\" srcset=\"http:\/\/vertienteglobal.com\/wp-content\/uploads\/2019\/02\/Adan-Lopez-dia-de-la-bandera.jpg 600w, http:\/\/vertienteglobal.com\/wp-content\/uploads\/2019\/02\/Adan-Lopez-dia-de-la-bandera-150x97.jpg 150w, http:\/\/vertienteglobal.com\/wp-content\/uploads\/2019\/02\/Adan-Lopez-dia-de-la-bandera-300x194.jpg 300w\" sizes=\"auto, (max-width: 600px) 100vw, 600px\" \/><\/figure>\n\n\n\n<p> [Redacci\u00f3n]<br> El comandante de la Trig\u00e9sima Zona Militar, Pedro Escalera Cobi\u00e1n, tom\u00f3 la protesta de lealtad a la bandera a estudiantes y maestros de educaci\u00f3n b\u00e1sica y media superior, luego de que el personal militar asignado entreg\u00f3 las banderas a las autoridades<br> Villahermosa, Tabasco.- El gobernador Ad\u00e1n Augusto L\u00f3pez Hern\u00e1ndez presidi\u00f3 este domingo la ceremonia c\u00edvica del 198 aniversario del D\u00eda de la Bandera y el abanderamiento de escuelas de educaci\u00f3n b\u00e1sica y media superior, en la que estuvo acompa\u00f1ado por funcionarios estatales, alumnos, maestros, padres de familia y p\u00fablico en general.<br> Y es que en la explanada del Instituto de la Juventud y el Deporte de Tabasco (Injudet), sirvi\u00f3 de marco para realizar el acto c\u00edvico, en el que el mandatario, funcionarios estatales y representantes de las fuerzas armadas abanderaron planteles de preescolar, primaria, secundaria y bachillerato, teniendo como fondo una inmensa bandera nacional que ondeaba sus colores verde, blanco y rojo.<br> En representaci\u00f3n de los estudiantes, Ang\u00e9lica Guadalupe Mu\u00f1iz Cruz, alumna del sexto semestre del Colegio de Bachilleres de Tabasco (Cobatab), plantel 28, asegur\u00f3 que los j\u00f3venes siguen prepar\u00e1ndose para cumplir con su parte y convertirse en motores de cambio de sus comunidades, y formarse como profesionistas con responsabilidad c\u00edvica para robustecer la esperanza de crear un pa\u00eds fuerte, unido y pr\u00f3spero. <br> \u201cSe\u00f1or Gobernador, como la bandera simboliza nuestra independencia, honor, instituciones y la integridad de nuestro territorio, este evento constituye algo m\u00e1s significativo y trascendente, porque ha sido y es fuente de principios y actitudes. Frente que nutre el esp\u00edritu de los j\u00f3venes tabasque\u00f1os, j\u00f3venes que basados en estos principios y apoyados por el gobierno, marchan con paso firme hacia la transformaci\u00f3n\u201d, subray\u00f3.<br> A su vez, el comandante de la Trig\u00e9sima Zona Militar, Pedro Escalera Cobi\u00e1n, tom\u00f3 la protesta de lealtad a la bandera a estudiantes y maestros de educaci\u00f3n b\u00e1sica y media superior, luego de que el personal militar asignado entreg\u00f3 las banderas a las autoridades. <br> En tanto, el comandante del Trig\u00e9simo S\u00e9ptimo Batall\u00f3n de Infanter\u00eda, Juli\u00e1n Otero Radilla, ofreci\u00f3 el discurso oficial del evento. Dijo que la bandera, el escudo y el himno nacionales conforman los s\u00edmbolos patrios que nos dan identidad como mexicanos, y record\u00f3 que en 1984 se decret\u00f3 la Ley sobre el Escudo, la Bandera y el Himno nacionales.<br> \u201cEste emblema ha acompa\u00f1ado al pueblo de M\u00e9xico en un sinf\u00edn de campa\u00f1as ante las arteras invasiones y en el logro de enormes victorias. Al hablar de la bandera, tenemos que remontarnos a los anales de la historia de nuestra Naci\u00f3n. Bajo el estandarte trigarante cabemos todos los mexicanos, y nos otorga un sentido de pertenencia a los hombres y mujeres que somos herederos de un paso lleno de p\u00e1ginas imborrables\u201d, asever\u00f3 el militar.<br> Cabe destacar que asistieron a la ceremonia, los presidentes del Tribunal Superior de Justicia y del Congreso local, Enrique Priego Oropeza y Tom\u00e1s Brito Lara, respectivamente; y los secretarios de Gobierno, Marcos Rosendo Medina Filigrana; de Educaci\u00f3n, Guillermo Narv\u00e1ez Osorio, y de Cultura, Yolanda Osuna Huerta, as\u00ed como el jefe del Estado Mayor de la Quinta Zona Naval Militar, Ren\u00e9 Mart\u00ednez Rodr\u00edguez.<\/p>\n","protected":false},"excerpt":{"rendered":"<p>[Redacci\u00f3n] El comandante de la Trig\u00e9sima Zona Militar, Pedro Escalera Cobi\u00e1n, tom\u00f3 la protesta de lealtad a la bandera a estudiantes y maestros de educaci\u00f3n b\u00e1sica y media superior, luego de que el personal militar asignado entreg\u00f3 las banderas a las autoridades Villahermosa, Tabasco.- El gobernador Ad\u00e1n Augusto L\u00f3pez Hern\u00e1ndez presidi\u00f3 este domingo la ceremonia [&hellip;]<\/p>\n","protected":false},"author":1,"featured_media":134818,"comment_status":"open","ping_status":"open","sticky":false,"template":"","format":"standard","meta":{"footnotes":""},"categories":[5],"tags":[],"class_list":["post-134817","post","type-post","status-publish","format-standard","has-post-thumbnail","hentry","category-tabasco","entry","has-media"],"jetpack_featured_media_url":"http:\/\/vertienteglobal.com\/wp-content\/uploads\/2019\/02\/Adan-Lopez-dia-de-la-bandera.jpg","_links":{"self":[{"href":"http:\/\/vertienteglobal.com\/index.php?rest_route=\/wp\/v2\/posts\/134817","targetHints":{"allow":["GET"]}}],"collection":[{"href":"http:\/\/vertienteglobal.com\/index.php?rest_route=\/wp\/v2\/posts"}],"about":[{"href":"http:\/\/vertienteglobal.com\/index.php?rest_route=\/wp\/v2\/types\/post"}],"author":[{"embeddable":true,"href":"http:\/\/vertienteglobal.com\/index.php?rest_route=\/wp\/v2\/users\/1"}],"replies":[{"embeddable":true,"href":"http:\/\/vertienteglobal.com\/index.php?rest_route=%2Fwp%2Fv2%2Fcomments&post=134817"}],"version-history":[{"count":0,"href":"http:\/\/vertienteglobal.com\/index.php?rest_route=\/wp\/v2\/posts\/134817\/revisions"}],"wp:featuredmedia":[{"embeddable":true,"href":"http:\/\/vertienteglobal.com\/index.php?rest_route=\/wp\/v2\/media\/134818"}],"wp:attachment":[{"href":"http:\/\/vertienteglobal.com\/index.php?rest_route=%2Fwp%2Fv2%2Fmedia&parent=134817"}],"wp:term":[{"taxonomy":"category","embeddable":true,"href":"http:\/\/vertienteglobal.com\/index.php?rest_route=%2Fwp%2Fv2%2Fcategories&post=134817"},{"taxonomy":"post_tag","embeddable":true,"href":"http:\/\/vertienteglobal.com\/index.php?rest_route=%2Fwp%2Fv2%2Ftags&post=134817"}],"curies":[{"name":"wp","href":"https:\/\/api.w.org\/{rel}","templated":true}]}}