{"id":134673,"date":"2019-02-21T22:40:16","date_gmt":"2019-02-22T04:40:16","guid":{"rendered":"http:\/\/vertienteglobal.com\/?p=134673"},"modified":"2019-02-22T09:01:21","modified_gmt":"2019-02-22T15:01:21","slug":"aprobado-por-unanimidad-senado-avala-la-guardia-nacional","status":"publish","type":"post","link":"http:\/\/vertienteglobal.com\/?p=134673","title":{"rendered":"Aprobado por unanimidad, Senado avala la Guardia Nacional"},"content":{"rendered":"\n<div class=\"twitterbutton\" style=\"float: right; padding-left: 5px;\"><a href=\"http:\/\/twitter.com\/share\" class=\"twitter-share-button\" data-count=\"horizontal\" data-text=\"Aprobado por unanimidad, Senado avala la Guardia Nacional\" data-via=\"https:\/\/twitter.com\/VertienteGloba1\" data-url=\"http:\/\/vertienteglobal.com\/?p=134673\" data-lang=\"es\" data-related=\"Informaci\u00f3n general:S\u00edguenos para que est\u00e9ss informado\"><\/a><\/div>\n<figure class=\"wp-block-image\"><img loading=\"lazy\" decoding=\"async\" width=\"600\" height=\"364\" src=\"http:\/\/vertienteglobal.com\/wp-content\/uploads\/2019\/02\/senado-aprueba-guardia-nacional.jpg\" alt=\"\" class=\"wp-image-134674\" srcset=\"http:\/\/vertienteglobal.com\/wp-content\/uploads\/2019\/02\/senado-aprueba-guardia-nacional.jpg 600w, http:\/\/vertienteglobal.com\/wp-content\/uploads\/2019\/02\/senado-aprueba-guardia-nacional-150x91.jpg 150w, http:\/\/vertienteglobal.com\/wp-content\/uploads\/2019\/02\/senado-aprueba-guardia-nacional-300x182.jpg 300w\" sizes=\"auto, (max-width: 600px) 100vw, 600px\" \/><\/figure>\n\n\n\n<p> [Redacci\u00f3n]<br> El \u00faltimo en hablar fue Ricardo Monreal, quien agradeci\u00f3 a la oposici\u00f3n el respaldo a la Guardia Nacional; los miembros de todas las bancadas aplaudieron e incluso se pusieron de pie<br> Ciudad de M\u00e9xico.- Entre aplausos de los senadores de todas las bancadas, este jueves se discuti\u00f3 y aprob\u00f3 por unanimidad la creaci\u00f3n de la Guardia Nacional, dejando atr\u00e1s el temor de la militarizaci\u00f3n de M\u00e9xico con dicho cuerpo de seguridad p\u00fablica.<br> Y es que la reforma constitucional fue avalada con el voto a favor de los 127 senadores presentes, consenso que fue logrado apenas horas antes de la votaci\u00f3n debido a que Morena cedi\u00f3 ante el bloque conformado por la oposici\u00f3n para lograr decenas de cambios al dictamen aprobado en comisiones, entre ellos dejar claro que el mando de la Guardia Nacional ser\u00e1 civil y no militar, y que las Fuerzas Armadas regresen a los cuarteles en un m\u00e1ximo de cinco a\u00f1os.<br> \u201cCon esta propuesta tendremos un \u00f3rgano que garantice irrestrictamente la seguridad interior con profundo respeto a los derechos humanos a los derechos humanos. La Guardia Nacional con car\u00e1cter civil que se propone en el dictamen que hoy discutimos nos da esas garant\u00edas, y significa la oportunidad para finalmente las Fuerzas Armadas dejen gradualmente de realizar las tareas de apoyo a la seguridad p\u00fablica y regresen a sus cuarteles y a sus bases mar\u00edtimas\u201d, dijo Eduardo Ram\u00edrez, presidente de la Comisi\u00f3n de Estudios Legislativos Segunda.<br> El ambiente en el Senado, desde la ma\u00f1ana de este jueves, fue de festejo compartido entre la oposici\u00f3n, Morena y aliados pol\u00edticos. <br> Por ello, el \u00e1nimo se elev\u00f3 cuando cada uno de los senadores que pasaron a tribuna fijaron la postura de su bancada, recibiendo aplausos sin importar que el legislador fuera del PRI, del PAN o de Morena. <br> El \u00faltimo en hablar fue Ricardo Monreal, quien agradeci\u00f3 a la oposici\u00f3n el respaldo a la Guardia Nacional; los miembros de todas las bancadas aplaudieron e incluso se pusieron de pie.<\/p>\n","protected":false},"excerpt":{"rendered":"<p>[Redacci\u00f3n] El \u00faltimo en hablar fue Ricardo Monreal, quien agradeci\u00f3 a la oposici\u00f3n el respaldo a la Guardia Nacional; los miembros de todas las bancadas aplaudieron e incluso se pusieron de pie Ciudad de M\u00e9xico.- Entre aplausos de los senadores de todas las bancadas, este jueves se discuti\u00f3 y aprob\u00f3 por unanimidad la creaci\u00f3n de [&hellip;]<\/p>\n","protected":false},"author":1,"featured_media":134674,"comment_status":"open","ping_status":"open","sticky":false,"template":"","format":"standard","meta":{"footnotes":""},"categories":[8],"tags":[],"class_list":["post-134673","post","type-post","status-publish","format-standard","has-post-thumbnail","hentry","category-pais","entry","has-media"],"jetpack_featured_media_url":"http:\/\/vertienteglobal.com\/wp-content\/uploads\/2019\/02\/senado-aprueba-guardia-nacional.jpg","_links":{"self":[{"href":"http:\/\/vertienteglobal.com\/index.php?rest_route=\/wp\/v2\/posts\/134673","targetHints":{"allow":["GET"]}}],"collection":[{"href":"http:\/\/vertienteglobal.com\/index.php?rest_route=\/wp\/v2\/posts"}],"about":[{"href":"http:\/\/vertienteglobal.com\/index.php?rest_route=\/wp\/v2\/types\/post"}],"author":[{"embeddable":true,"href":"http:\/\/vertienteglobal.com\/index.php?rest_route=\/wp\/v2\/users\/1"}],"replies":[{"embeddable":true,"href":"http:\/\/vertienteglobal.com\/index.php?rest_route=%2Fwp%2Fv2%2Fcomments&post=134673"}],"version-history":[{"count":0,"href":"http:\/\/vertienteglobal.com\/index.php?rest_route=\/wp\/v2\/posts\/134673\/revisions"}],"wp:featuredmedia":[{"embeddable":true,"href":"http:\/\/vertienteglobal.com\/index.php?rest_route=\/wp\/v2\/media\/134674"}],"wp:attachment":[{"href":"http:\/\/vertienteglobal.com\/index.php?rest_route=%2Fwp%2Fv2%2Fmedia&parent=134673"}],"wp:term":[{"taxonomy":"category","embeddable":true,"href":"http:\/\/vertienteglobal.com\/index.php?rest_route=%2Fwp%2Fv2%2Fcategories&post=134673"},{"taxonomy":"post_tag","embeddable":true,"href":"http:\/\/vertienteglobal.com\/index.php?rest_route=%2Fwp%2Fv2%2Ftags&post=134673"}],"curies":[{"name":"wp","href":"https:\/\/api.w.org\/{rel}","templated":true}]}}