{"id":134670,"date":"2019-02-21T21:39:14","date_gmt":"2019-02-22T03:39:14","guid":{"rendered":"http:\/\/vertienteglobal.com\/?p=134670"},"modified":"2019-02-22T09:00:10","modified_gmt":"2019-02-22T15:00:10","slug":"marcos-rafael-orduna-nuevo-presidente-de-la-cmic-en-veracruz","status":"publish","type":"post","link":"http:\/\/vertienteglobal.com\/?p=134670","title":{"rendered":"Marcos Rafael Ordu\u00f1a nuevo presidente de la CMIC, en Veracruz"},"content":{"rendered":"\n<div class=\"twitterbutton\" style=\"float: right; padding-left: 5px;\"><a href=\"http:\/\/twitter.com\/share\" class=\"twitter-share-button\" data-count=\"horizontal\" data-text=\"Marcos Rafael Ordu\u00f1a nuevo presidente de la CMIC, en Veracruz\" data-via=\"https:\/\/twitter.com\/VertienteGloba1\" data-url=\"http:\/\/vertienteglobal.com\/?p=134670\" data-lang=\"es\" data-related=\"Informaci\u00f3n general:S\u00edguenos para que est\u00e9ss informado\"><\/a><\/div>\n<figure class=\"wp-block-image\"><img loading=\"lazy\" decoding=\"async\" width=\"600\" height=\"346\" src=\"http:\/\/vertienteglobal.com\/wp-content\/uploads\/2019\/02\/CMIC-en-Veracruz.jpg\" alt=\"\" class=\"wp-image-134671\" srcset=\"http:\/\/vertienteglobal.com\/wp-content\/uploads\/2019\/02\/CMIC-en-Veracruz.jpg 600w, http:\/\/vertienteglobal.com\/wp-content\/uploads\/2019\/02\/CMIC-en-Veracruz-150x87.jpg 150w, http:\/\/vertienteglobal.com\/wp-content\/uploads\/2019\/02\/CMIC-en-Veracruz-300x173.jpg 300w\" sizes=\"auto, (max-width: 600px) 100vw, 600px\" \/><\/figure>\n\n\n\n<p> [Redacci\u00f3n]<br> Tambi\u00e9n se le tom\u00f3 protesta al nuevo Comit\u00e9 Directivo de la CMIC en Veracruz<br> Veracruz, Veracruz.- El ingeniero Marcos Rafael Ordu\u00f1a Alcocer fue nombrado como el nuevo presidente de la C\u00e1mara M\u00e9xicana de la Industria de la Construcci\u00f3n en Veracruz.<br> Aunado a esto, tambi\u00e9n se le tom\u00f3 protesta al nuevo Comit\u00e9 Directivo de la CMIC en Veracruz.<br> Cabe mencionar que en el evento estuvieron presentes el ingeniero Eduardo Ram\u00edrez Leal, Presidente Nacional de la C\u00e1mara Mexicana de la Industria de la Construcci\u00f3n, autoridades los distintos niveles y afiliados de este organismo<\/p>\n","protected":false},"excerpt":{"rendered":"<p>[Redacci\u00f3n] Tambi\u00e9n se le tom\u00f3 protesta al nuevo Comit\u00e9 Directivo de la CMIC en Veracruz Veracruz, Veracruz.- El ingeniero Marcos Rafael Ordu\u00f1a Alcocer fue nombrado como el nuevo presidente de la C\u00e1mara M\u00e9xicana de la Industria de la Construcci\u00f3n en Veracruz. Aunado a esto, tambi\u00e9n se le tom\u00f3 protesta al nuevo Comit\u00e9 Directivo de la [&hellip;]<\/p>\n","protected":false},"author":1,"featured_media":134671,"comment_status":"open","ping_status":"open","sticky":false,"template":"","format":"standard","meta":{"footnotes":""},"categories":[7],"tags":[],"class_list":["post-134670","post","type-post","status-publish","format-standard","has-post-thumbnail","hentry","category-veracruz","entry","has-media"],"jetpack_featured_media_url":"http:\/\/vertienteglobal.com\/wp-content\/uploads\/2019\/02\/CMIC-en-Veracruz.jpg","_links":{"self":[{"href":"http:\/\/vertienteglobal.com\/index.php?rest_route=\/wp\/v2\/posts\/134670","targetHints":{"allow":["GET"]}}],"collection":[{"href":"http:\/\/vertienteglobal.com\/index.php?rest_route=\/wp\/v2\/posts"}],"about":[{"href":"http:\/\/vertienteglobal.com\/index.php?rest_route=\/wp\/v2\/types\/post"}],"author":[{"embeddable":true,"href":"http:\/\/vertienteglobal.com\/index.php?rest_route=\/wp\/v2\/users\/1"}],"replies":[{"embeddable":true,"href":"http:\/\/vertienteglobal.com\/index.php?rest_route=%2Fwp%2Fv2%2Fcomments&post=134670"}],"version-history":[{"count":0,"href":"http:\/\/vertienteglobal.com\/index.php?rest_route=\/wp\/v2\/posts\/134670\/revisions"}],"wp:featuredmedia":[{"embeddable":true,"href":"http:\/\/vertienteglobal.com\/index.php?rest_route=\/wp\/v2\/media\/134671"}],"wp:attachment":[{"href":"http:\/\/vertienteglobal.com\/index.php?rest_route=%2Fwp%2Fv2%2Fmedia&parent=134670"}],"wp:term":[{"taxonomy":"category","embeddable":true,"href":"http:\/\/vertienteglobal.com\/index.php?rest_route=%2Fwp%2Fv2%2Fcategories&post=134670"},{"taxonomy":"post_tag","embeddable":true,"href":"http:\/\/vertienteglobal.com\/index.php?rest_route=%2Fwp%2Fv2%2Ftags&post=134670"}],"curies":[{"name":"wp","href":"https:\/\/api.w.org\/{rel}","templated":true}]}}