{"id":134649,"date":"2019-02-21T12:42:17","date_gmt":"2019-02-21T18:42:17","guid":{"rendered":"http:\/\/vertienteglobal.com\/?p=134649"},"modified":"2019-02-22T08:13:23","modified_gmt":"2019-02-22T14:13:23","slug":"con-la-cultura-vamos-a-reconciliar-a-tabasco-afirma-el-gobernador","status":"publish","type":"post","link":"http:\/\/vertienteglobal.com\/?p=134649","title":{"rendered":"Con la cultura vamos a reconciliar a Tabasco, afirma el Gobernador"},"content":{"rendered":"\n<div class=\"twitterbutton\" style=\"float: right; padding-left: 5px;\"><a href=\"http:\/\/twitter.com\/share\" class=\"twitter-share-button\" data-count=\"horizontal\" data-text=\"Con la cultura vamos a reconciliar a Tabasco, afirma el Gobernador\" data-via=\"https:\/\/twitter.com\/VertienteGloba1\" data-url=\"http:\/\/vertienteglobal.com\/?p=134649\" data-lang=\"es\" data-related=\"Informaci\u00f3n general:S\u00edguenos para que est\u00e9ss informado\"><\/a><\/div>\n<figure class=\"wp-block-image\"><img loading=\"lazy\" decoding=\"async\" width=\"600\" height=\"348\" src=\"http:\/\/vertienteglobal.com\/wp-content\/uploads\/2019\/02\/Adan-Lopez-jornadas-pellicerianas.jpg\" alt=\"\" class=\"wp-image-134650\" srcset=\"http:\/\/vertienteglobal.com\/wp-content\/uploads\/2019\/02\/Adan-Lopez-jornadas-pellicerianas.jpg 600w, http:\/\/vertienteglobal.com\/wp-content\/uploads\/2019\/02\/Adan-Lopez-jornadas-pellicerianas-150x87.jpg 150w, http:\/\/vertienteglobal.com\/wp-content\/uploads\/2019\/02\/Adan-Lopez-jornadas-pellicerianas-300x174.jpg 300w\" sizes=\"auto, (max-width: 600px) 100vw, 600px\" \/><\/figure>\n\n\n\n<p> [Redacci\u00f3n]<br> L\u00f3pez Hern\u00e1ndez aprovech\u00f3 el homenaje para refrendar su compromiso de su gobierno para rescatar el Parque Museo La Venta, un sue\u00f1o de Pellicer, dijo, que debe recuperar su versi\u00f3n original<br> Villahermosa, Tabasco.- En el arranque de las Jornadas Pellicerianas, un encuentro literario organizado para honrar el legado de Carlos Pellicer C\u00e1mara y que re\u00fane en Villahermosa a 45 poetas y escritores, como a un nutrido grupo de artistas pl\u00e1sticos, el gobernador Ad\u00e1n Augusto L\u00f3pez Hern\u00e1ndez se pronunci\u00f3 a favor de que la cultura marque la pauta para reconciliar definitivamente a Tabasco. <br> Y es que ante la comunidad art\u00edstica y cultural mexicana, el mandatario asever\u00f3 que el \u201cPoeta de Am\u00e9rica\u201d fue un tabasque\u00f1o universal que como nadie, \u201cle cant\u00f3 a Tabasco y a nuestro tr\u00f3pico\u201d.<br> L\u00f3pez Hern\u00e1ndez aprovech\u00f3 el homenaje para refrendar su compromiso de su gobierno para rescatar el Parque Museo La Venta, un sue\u00f1o de Pellicer, dijo, que debe recuperar su versi\u00f3n original. \u201cEs un compromiso que vamos a rescatar y vamos a que recupere la versi\u00f3n original como la concibi\u00f3 el maestro Pellicer y que sigue siendo orgullo de los tabasque\u00f1os\u201d, asegur\u00f3.<br> En el primero de tres d\u00edas de actividades, el jefe del Ejecutivo entreg\u00f3 al escritor y acad\u00e9mico mexicano Eduardo Lizalde Ch\u00e1vez un reconocimiento por su larga trayectoria po\u00e9tica e invaluable contribuci\u00f3n a la literatura mexicana, as\u00ed como una litograf\u00eda del ilustrador y artista pl\u00e1stico Carlos Pellicer L\u00f3pez, sobrino del muse\u00f3grafo tabasque\u00f1o. <br> El gobernador Ad\u00e1n Augusto L\u00f3pez destac\u00f3 la vida y obra de Lizalde Ch\u00e1vez, quien ha obtenido galardones de talla internacional como el Premio Federico Garc\u00eda Lorca, adem\u00e1s del Premio Nacional de Ciencias y Artes, y reiter\u00f3 su inter\u00e9s para que las Jornadas Pellicerianas recuperen su esplendor y se revitalicen como un modesto punto de encuentro de la comunidad cultural del estado y el pa\u00eds. <br> Desde la Sala de Arte \u201cAntonio Ocampo Ram\u00edrez\u201d, en la zona CICOM, indic\u00f3 que por primera vez en su historia, este Encuentro de Poes\u00eda llegar\u00e1 a lugares como el Centro de Reinserci\u00f3n Social del Estado (Creset), con talleres. \u201cSe pues, de que cada d\u00eda vayamos llevando la cultura y la obra de Pellicer a todos los rincones del estado, que la cultura sea la que marque la pauta para que podamos finalmente reconciliar a Tabasco\u201d, remarc\u00f3.<br> Paradigma de la cultura<br> En las jornadas que fueron inauguradas por el secretario de Educaci\u00f3n, Guillermo Narv\u00e1ez Osorio, la titular de la Secretar\u00eda de Cultura, Yolanda Osuna Huerta, remarc\u00f3 que Pellicer representa un paradigma de la cultura mexicana del siglo pasado, dado que form\u00f3 parte de \u201cLos Contempor\u00e1neos\u201d, una generaci\u00f3n que entre los a\u00f1os 20 y 30 le dieron una fisonom\u00eda vanguardista a las letras, el cine, el teatro, la novela, el ensayo y las artes pl\u00e1sticas.<br> Osuna Huerta refiri\u00f3 que las jornadas auspiciadas por universidades p\u00fablicas y privadas, buscan establecer un di\u00e1logo entre la comunidad literaria para revitalizar la cultura, y propiciar un an\u00e1lisis del sentido que desde la muerte del tambi\u00e9n exsenador de la Rep\u00fablica, en 1977, tiene la poes\u00eda en el mundo de habla hispana.<br> Dio a conocer que durante tres d\u00edas se llevar\u00e1n a cabo tres mesas redondas, cuatro conferencias, cinco presentaciones de libros, una muestra pict\u00f3rica de diversos artistas pl\u00e1sticos, dos talleres y 14 lecturas de obras, en 13 sedes que incluyen instituciones de educaci\u00f3n superior, el Creset y el Parque Museo de La Venta.<br> En el marco del D\u00eda Internacional de la Lengua Materna, la secretaria de Cultura valor\u00f3 que el Encuentro de Poes\u00eda sea la plataforma para reconocer en vida la trayectoria de Eduardo Lizalde, \u201cun connotado representante de las letras mexicanas, forjador de cultura y una de las voces que m\u00e1s ha enaltecido nuestra lengua\u201d. <br> En este contexto, el escritor y profesor investigador de la Universidad Aut\u00f3noma Metropolitana (UAM), \u00c1lvaro Ruiz Abreu, ofreci\u00f3 una rese\u00f1a sobre el trabajo de Lizalde Ch\u00e1vez, quien, a su vez, deleit\u00f3 a los asistentes con un recital de sus poemas m\u00e1s reconocidos. <br> Concluida la ceremonia de apertura, el mandatario Ad\u00e1n Augusto L\u00f3pez, acompa\u00f1ado de la secretaria de Cultura, se traslad\u00f3 al Museo Regional de Antropolog\u00eda, donde inaugur\u00f3 \u201cPintando Poemas\u201d, una muestra pict\u00f3rica en la que exponen 10 artistas pl\u00e1sticos, entre ellos, Belem Sigler, Fernando Arellano, Karla Sierra, Mayra Alphand, Ram\u00f3n Briones, Javier Pineda e Hilda Gal\u00e1n, entre otros.<\/p>\n","protected":false},"excerpt":{"rendered":"<p>[Redacci\u00f3n] L\u00f3pez Hern\u00e1ndez aprovech\u00f3 el homenaje para refrendar su compromiso de su gobierno para rescatar el Parque Museo La Venta, un sue\u00f1o de Pellicer, dijo, que debe recuperar su versi\u00f3n original Villahermosa, Tabasco.- En el arranque de las Jornadas Pellicerianas, un encuentro literario organizado para honrar el legado de Carlos Pellicer C\u00e1mara y que re\u00fane [&hellip;]<\/p>\n","protected":false},"author":1,"featured_media":134650,"comment_status":"open","ping_status":"open","sticky":false,"template":"","format":"standard","meta":{"footnotes":""},"categories":[5],"tags":[],"class_list":["post-134649","post","type-post","status-publish","format-standard","has-post-thumbnail","hentry","category-tabasco","entry","has-media"],"jetpack_featured_media_url":"http:\/\/vertienteglobal.com\/wp-content\/uploads\/2019\/02\/Adan-Lopez-jornadas-pellicerianas.jpg","_links":{"self":[{"href":"http:\/\/vertienteglobal.com\/index.php?rest_route=\/wp\/v2\/posts\/134649","targetHints":{"allow":["GET"]}}],"collection":[{"href":"http:\/\/vertienteglobal.com\/index.php?rest_route=\/wp\/v2\/posts"}],"about":[{"href":"http:\/\/vertienteglobal.com\/index.php?rest_route=\/wp\/v2\/types\/post"}],"author":[{"embeddable":true,"href":"http:\/\/vertienteglobal.com\/index.php?rest_route=\/wp\/v2\/users\/1"}],"replies":[{"embeddable":true,"href":"http:\/\/vertienteglobal.com\/index.php?rest_route=%2Fwp%2Fv2%2Fcomments&post=134649"}],"version-history":[{"count":0,"href":"http:\/\/vertienteglobal.com\/index.php?rest_route=\/wp\/v2\/posts\/134649\/revisions"}],"wp:featuredmedia":[{"embeddable":true,"href":"http:\/\/vertienteglobal.com\/index.php?rest_route=\/wp\/v2\/media\/134650"}],"wp:attachment":[{"href":"http:\/\/vertienteglobal.com\/index.php?rest_route=%2Fwp%2Fv2%2Fmedia&parent=134649"}],"wp:term":[{"taxonomy":"category","embeddable":true,"href":"http:\/\/vertienteglobal.com\/index.php?rest_route=%2Fwp%2Fv2%2Fcategories&post=134649"},{"taxonomy":"post_tag","embeddable":true,"href":"http:\/\/vertienteglobal.com\/index.php?rest_route=%2Fwp%2Fv2%2Ftags&post=134649"}],"curies":[{"name":"wp","href":"https:\/\/api.w.org\/{rel}","templated":true}]}}