{"id":134599,"date":"2019-02-20T14:44:02","date_gmt":"2019-02-20T20:44:02","guid":{"rendered":"http:\/\/vertienteglobal.com\/?p=134599"},"modified":"2019-02-21T00:05:30","modified_gmt":"2019-02-21T06:05:30","slug":"abre-nuevo-leon-salon-de-la-fama","status":"publish","type":"post","link":"http:\/\/vertienteglobal.com\/?p=134599","title":{"rendered":"Abre Nuevo Le\u00f3n sal\u00f3n de la fama"},"content":{"rendered":"\n<div class=\"twitterbutton\" style=\"float: right; padding-left: 5px;\"><a href=\"http:\/\/twitter.com\/share\" class=\"twitter-share-button\" data-count=\"horizontal\" data-text=\"Abre Nuevo Le\u00f3n sal\u00f3n de la fama\" data-via=\"https:\/\/twitter.com\/VertienteGloba1\" data-url=\"http:\/\/vertienteglobal.com\/?p=134599\" data-lang=\"es\" data-related=\"Informaci\u00f3n general:S\u00edguenos para que est\u00e9ss informado\"><\/a><\/div>\n<figure class=\"wp-block-image\"><img loading=\"lazy\" decoding=\"async\" width=\"600\" height=\"370\" src=\"http:\/\/vertienteglobal.com\/wp-content\/uploads\/2019\/02\/Abren-salon-fama-MTY.jpg\" alt=\"\" class=\"wp-image-134600\" srcset=\"http:\/\/vertienteglobal.com\/wp-content\/uploads\/2019\/02\/Abren-salon-fama-MTY.jpg 600w, http:\/\/vertienteglobal.com\/wp-content\/uploads\/2019\/02\/Abren-salon-fama-MTY-150x93.jpg 150w, http:\/\/vertienteglobal.com\/wp-content\/uploads\/2019\/02\/Abren-salon-fama-MTY-300x185.jpg 300w\" sizes=\"auto, (max-width: 600px) 100vw, 600px\" \/><\/figure>\n\n\n\n<p> [Redacci\u00f3n]<br> Entre los invitados a la inauguraci\u00f3n estaban presentes varios inmortales que atestiguaron la apertura del nuevo Sal\u00f3n de la Fama, entre ellos Maximino Le\u00f3n, quien fue el primer pitcher en darles un triunfo en la LMB a los Piratas de Campeche<br> Monterrey, Nuevo Le\u00f3n.- El nuevo recinto de los inmortales del b\u00e9isbol mexicano fue inaugurado \u00e9ste mi\u00e9rcoles 20 de febrero del 2019, con la presencia del principal promotor del Sal\u00f3n de la Fama, Alfredo Harp Hel\u00fa, del presidente de la Liga Mexicana de B\u00e9isbol, Javier Salinas Hern\u00e1ndez y como invitado especial el presidente Andr\u00e9s Manuel L\u00f3pez Obrador.<br> Y es que el nuevo Sal\u00f3n de la Fama se encuentra en los terrenos del parque ex Fundidora de la ciudad de Monterrey, Nuevo Le\u00f3n.<br> En el a\u00f1o 1939 se eligieron a los primeros inmortales, el 10 de marzo, y fueron: Lucas Ju\u00e1rez, Antonio \u201cLa\u00f1iza\u201d Delf\u00edn, Julio Molina, Leonardo \u201cNajo\u201d Alanis y Fernando Barradas.<br> Entre los invitados a la inauguraci\u00f3n estaban presentes varios inmortales que atestiguaron la apertura del nuevo Sal\u00f3n de la Fama, entre ellos Maximino Le\u00f3n, quien fue el primer pitcher en darle un triunfo en la LMB a los Piratas de Campeche, en aquel domingo 16 de marzo ante los Plataneros de Tabasco, a quienes derrotaron 4-2.<br> Piratas en el recinto<br> Fue el 12 de junio de 1994 cuando un tripulante del gale\u00f3n ingres\u00f3 al sal\u00f3n de los inmortales: Miguel \u201cPilo\u201d Gaspar, quien fue coach en 1991 del buque Sergio \u201ckalim\u00e1n\u201d Robles. Ese mismo a\u00f1o fue llevado al nicho don Jaime P\u00e9rez Avell\u00e1, quien fue el propietario de los Piratas de Campeche de 1981 a 1983 y quien le dio su primer t\u00edtulo a los parchados en la Liga Mexicana en 1983.<br> El \u00fanico campechano<br> El lunes 21 de julio del 2003 ingres\u00f3 al Sal\u00f3n de la Fama del B\u00e9isbol Mexicano, el \u00fanico campechano, el legendario \u201cAlmirante\u201d Nelson Barrera Romell\u00f3n.<\/p>\n","protected":false},"excerpt":{"rendered":"<p>[Redacci\u00f3n] Entre los invitados a la inauguraci\u00f3n estaban presentes varios inmortales que atestiguaron la apertura del nuevo Sal\u00f3n de la Fama, entre ellos Maximino Le\u00f3n, quien fue el primer pitcher en darles un triunfo en la LMB a los Piratas de Campeche Monterrey, Nuevo Le\u00f3n.- El nuevo recinto de los inmortales del b\u00e9isbol mexicano fue [&hellip;]<\/p>\n","protected":false},"author":1,"featured_media":134600,"comment_status":"open","ping_status":"open","sticky":false,"template":"","format":"standard","meta":{"footnotes":""},"categories":[11,8],"tags":[],"class_list":["post-134599","post","type-post","status-publish","format-standard","has-post-thumbnail","hentry","category-deportes","category-pais","entry","has-media"],"jetpack_featured_media_url":"http:\/\/vertienteglobal.com\/wp-content\/uploads\/2019\/02\/Abren-salon-fama-MTY.jpg","_links":{"self":[{"href":"http:\/\/vertienteglobal.com\/index.php?rest_route=\/wp\/v2\/posts\/134599","targetHints":{"allow":["GET"]}}],"collection":[{"href":"http:\/\/vertienteglobal.com\/index.php?rest_route=\/wp\/v2\/posts"}],"about":[{"href":"http:\/\/vertienteglobal.com\/index.php?rest_route=\/wp\/v2\/types\/post"}],"author":[{"embeddable":true,"href":"http:\/\/vertienteglobal.com\/index.php?rest_route=\/wp\/v2\/users\/1"}],"replies":[{"embeddable":true,"href":"http:\/\/vertienteglobal.com\/index.php?rest_route=%2Fwp%2Fv2%2Fcomments&post=134599"}],"version-history":[{"count":0,"href":"http:\/\/vertienteglobal.com\/index.php?rest_route=\/wp\/v2\/posts\/134599\/revisions"}],"wp:featuredmedia":[{"embeddable":true,"href":"http:\/\/vertienteglobal.com\/index.php?rest_route=\/wp\/v2\/media\/134600"}],"wp:attachment":[{"href":"http:\/\/vertienteglobal.com\/index.php?rest_route=%2Fwp%2Fv2%2Fmedia&parent=134599"}],"wp:term":[{"taxonomy":"category","embeddable":true,"href":"http:\/\/vertienteglobal.com\/index.php?rest_route=%2Fwp%2Fv2%2Fcategories&post=134599"},{"taxonomy":"post_tag","embeddable":true,"href":"http:\/\/vertienteglobal.com\/index.php?rest_route=%2Fwp%2Fv2%2Ftags&post=134599"}],"curies":[{"name":"wp","href":"https:\/\/api.w.org\/{rel}","templated":true}]}}