{"id":134483,"date":"2019-02-18T19:50:44","date_gmt":"2019-02-19T01:50:44","guid":{"rendered":"http:\/\/vertienteglobal.com\/?p=134483"},"modified":"2019-02-19T01:06:23","modified_gmt":"2019-02-19T07:06:23","slug":"preside-fiscal-general-re-instalacion-de-comite-para-la-igualdad-de-genero-y-contra-el-acoso-y-hostigamiento-sexual","status":"publish","type":"post","link":"http:\/\/vertienteglobal.com\/?p=134483","title":{"rendered":"Preside Fiscal General re-instalaci\u00f3n de Comit\u00e9 para la Igualdad de G\u00e9nero y contra el Acoso y Hostigamiento Sexual"},"content":{"rendered":"\n<div class=\"twitterbutton\" style=\"float: right; padding-left: 5px;\"><a href=\"http:\/\/twitter.com\/share\" class=\"twitter-share-button\" data-count=\"horizontal\" data-text=\"Preside Fiscal General re-instalaci\u00f3n de Comit\u00e9 para la Igualdad de G\u00e9nero y ...\" data-via=\"https:\/\/twitter.com\/VertienteGloba1\" data-url=\"http:\/\/vertienteglobal.com\/?p=134483\" data-lang=\"es\" data-related=\"Informaci\u00f3n general:S\u00edguenos para que est\u00e9ss informado\"><\/a><\/div>\n<figure class=\"wp-block-image\"><img loading=\"lazy\" decoding=\"async\" width=\"600\" height=\"337\" src=\"http:\/\/vertienteglobal.com\/wp-content\/uploads\/2019\/02\/Comite-de-equidad-de-genero-FGE-QROO.jpeg\" alt=\"\" class=\"wp-image-134484\" srcset=\"http:\/\/vertienteglobal.com\/wp-content\/uploads\/2019\/02\/Comite-de-equidad-de-genero-FGE-QROO.jpeg 600w, http:\/\/vertienteglobal.com\/wp-content\/uploads\/2019\/02\/Comite-de-equidad-de-genero-FGE-QROO-150x84.jpeg 150w, http:\/\/vertienteglobal.com\/wp-content\/uploads\/2019\/02\/Comite-de-equidad-de-genero-FGE-QROO-300x169.jpeg 300w\" sizes=\"auto, (max-width: 600px) 100vw, 600px\" \/><\/figure>\n\n\n\n<p> [Redacci\u00f3n]<br> Se procurar\u00e1 justicia con equidad de g\u00e9nero<br> Chetumal, Quintana Roo.- El Fiscal General del Estado Mtro. Oscar Montes de Oca Rosales presidi\u00f3 la Reinstalaci\u00f3n del Comit\u00e9 Institucional para la Igualdad de G\u00e9nero y de Integraci\u00f3n del Sub Comit\u00e9 Contra Acoso y Hostigamiento Sexual de la Fiscal\u00eda General del Estado.<br> Y es que para la Fiscal\u00eda General del Estado, es una preocupaci\u00f3n dar cumplimiento a las disposiciones que deben aplicarse en materia de g\u00e9nero, para tratar de revertir, no solo las alertas, sino permear en las personas principalmente varones, sobre el respeto a los derechos de las mujeres ya que es un criterio fundamental para la sana convivencia.<br> Al evento, acudi\u00f3 la Directora del Instituto Quintanarroense de la Mujer Dra. Silvia Dami\u00e1n quien junto con el Fiscal General y la Fiscal Especializada de Delitos Contra la Mujer Guadalupe Reyes Pinz\u00f3n tomaron protesta a los integrantes del Comit\u00e9 y Subcomit\u00e9 Especializado.<\/p>\n\n\n\n<figure class=\"wp-block-image\"><img loading=\"lazy\" decoding=\"async\" width=\"600\" height=\"399\" src=\"http:\/\/vertienteglobal.com\/wp-content\/uploads\/2019\/02\/Reinstalaci\u00f3n-Comit\u00e9-FGE.jpg\" alt=\"\" class=\"wp-image-134485\" srcset=\"http:\/\/vertienteglobal.com\/wp-content\/uploads\/2019\/02\/Reinstalaci\u00f3n-Comit\u00e9-FGE.jpg 600w, http:\/\/vertienteglobal.com\/wp-content\/uploads\/2019\/02\/Reinstalaci\u00f3n-Comit\u00e9-FGE-150x100.jpg 150w, http:\/\/vertienteglobal.com\/wp-content\/uploads\/2019\/02\/Reinstalaci\u00f3n-Comit\u00e9-FGE-300x200.jpg 300w\" sizes=\"auto, (max-width: 600px) 100vw, 600px\" \/><\/figure>\n","protected":false},"excerpt":{"rendered":"<p>[Redacci\u00f3n] Se procurar\u00e1 justicia con equidad de g\u00e9nero Chetumal, Quintana Roo.- El Fiscal General del Estado Mtro. Oscar Montes de Oca Rosales presidi\u00f3 la Reinstalaci\u00f3n del Comit\u00e9 Institucional para la Igualdad de G\u00e9nero y de Integraci\u00f3n del Sub Comit\u00e9 Contra Acoso y Hostigamiento Sexual de la Fiscal\u00eda General del Estado. Y es que para la [&hellip;]<\/p>\n","protected":false},"author":1,"featured_media":134484,"comment_status":"open","ping_status":"open","sticky":false,"template":"","format":"standard","meta":{"footnotes":""},"categories":[3],"tags":[],"class_list":["post-134483","post","type-post","status-publish","format-standard","has-post-thumbnail","hentry","category-quintana-roo","entry","has-media"],"jetpack_featured_media_url":"http:\/\/vertienteglobal.com\/wp-content\/uploads\/2019\/02\/Comite-de-equidad-de-genero-FGE-QROO.jpeg","_links":{"self":[{"href":"http:\/\/vertienteglobal.com\/index.php?rest_route=\/wp\/v2\/posts\/134483","targetHints":{"allow":["GET"]}}],"collection":[{"href":"http:\/\/vertienteglobal.com\/index.php?rest_route=\/wp\/v2\/posts"}],"about":[{"href":"http:\/\/vertienteglobal.com\/index.php?rest_route=\/wp\/v2\/types\/post"}],"author":[{"embeddable":true,"href":"http:\/\/vertienteglobal.com\/index.php?rest_route=\/wp\/v2\/users\/1"}],"replies":[{"embeddable":true,"href":"http:\/\/vertienteglobal.com\/index.php?rest_route=%2Fwp%2Fv2%2Fcomments&post=134483"}],"version-history":[{"count":0,"href":"http:\/\/vertienteglobal.com\/index.php?rest_route=\/wp\/v2\/posts\/134483\/revisions"}],"wp:featuredmedia":[{"embeddable":true,"href":"http:\/\/vertienteglobal.com\/index.php?rest_route=\/wp\/v2\/media\/134484"}],"wp:attachment":[{"href":"http:\/\/vertienteglobal.com\/index.php?rest_route=%2Fwp%2Fv2%2Fmedia&parent=134483"}],"wp:term":[{"taxonomy":"category","embeddable":true,"href":"http:\/\/vertienteglobal.com\/index.php?rest_route=%2Fwp%2Fv2%2Fcategories&post=134483"},{"taxonomy":"post_tag","embeddable":true,"href":"http:\/\/vertienteglobal.com\/index.php?rest_route=%2Fwp%2Fv2%2Ftags&post=134483"}],"curies":[{"name":"wp","href":"https:\/\/api.w.org\/{rel}","templated":true}]}}