{"id":134459,"date":"2019-02-18T20:50:50","date_gmt":"2019-02-19T02:50:50","guid":{"rendered":"http:\/\/vertienteglobal.com\/?p=134459"},"modified":"2019-02-18T23:30:57","modified_gmt":"2019-02-19T05:30:57","slug":"aprueban-en-comisiones-del-senado-dictamen-de-la-guardia-nacional","status":"publish","type":"post","link":"http:\/\/vertienteglobal.com\/?p=134459","title":{"rendered":"Aprueban en comisiones del Senado, dictamen de la Guardia Nacional"},"content":{"rendered":"\n<div class=\"twitterbutton\" style=\"float: right; padding-left: 5px;\"><a href=\"http:\/\/twitter.com\/share\" class=\"twitter-share-button\" data-count=\"horizontal\" data-text=\"Aprueban en comisiones del Senado, dictamen de la Guardia Nacional\" data-via=\"https:\/\/twitter.com\/VertienteGloba1\" data-url=\"http:\/\/vertienteglobal.com\/?p=134459\" data-lang=\"es\" data-related=\"Informaci\u00f3n general:S\u00edguenos para que est\u00e9ss informado\"><\/a><\/div>\n<figure class=\"wp-block-image\"><img loading=\"lazy\" decoding=\"async\" width=\"600\" height=\"349\" src=\"http:\/\/vertienteglobal.com\/wp-content\/uploads\/2019\/02\/Aprueban-en-comisiones-del-Senado-dictamen-de-la-Guardia-Nacional.jpg\" alt=\"\" class=\"wp-image-134460\" srcset=\"http:\/\/vertienteglobal.com\/wp-content\/uploads\/2019\/02\/Aprueban-en-comisiones-del-Senado-dictamen-de-la-Guardia-Nacional.jpg 600w, http:\/\/vertienteglobal.com\/wp-content\/uploads\/2019\/02\/Aprueban-en-comisiones-del-Senado-dictamen-de-la-Guardia-Nacional-150x87.jpg 150w, http:\/\/vertienteglobal.com\/wp-content\/uploads\/2019\/02\/Aprueban-en-comisiones-del-Senado-dictamen-de-la-Guardia-Nacional-300x175.jpg 300w\" sizes=\"auto, (max-width: 600px) 100vw, 600px\" \/><\/figure>\n\n\n\n<p> [Redacci\u00f3n]<br> Asegur\u00f3 que \u00e9l mand\u00f3 civil que pide la oposici\u00f3n ser\u00e1 aprobado, y quedar\u00e1 \u201ccompletamente civil de una vez que hayan transcurrido los cinco a\u00f1os que nosotros estamos proponiendo como grupo prioritario\u201d<br> Ciudad de M\u00e9xico.- En comisiones del Senado avalaron  por unanimidad el dictamen de la Guardia Nacional, por lo que la iniciativa pasa a la C\u00e1mara Alta.<br> Y es que Eduardo Ram\u00edrez Aguilar, Presidente de la Comisi\u00f3n de Puntos Constitucionales inform\u00f3 que \u201cma\u00f1ana vamos a darle lectura al dictamen que se propuso, solamente es para cubrir el procedimiento legislativo para que el d\u00eda jueves se discuta el tema con distintos grupos parlamentarios\u201d.<br> Ram\u00edrez Aguilar detall\u00f3 que, \u00abse ratifica el mando civil, habr\u00e1 una temporalidad en las fuerzas armadas, se quita la palabra del jefe de estado mayor por la de coordinaci\u00f3n operativa\u00bb.<br> Asegur\u00f3 que \u00e9l mand\u00f3 civil que pide la oposici\u00f3n ser\u00e1 aprobado, y quedar\u00e1 \u201ccompletamente civil de una vez que hayan transcurrido los cinco a\u00f1os que nosotros estamos proponiendo como grupo prioritario\u201d.<br> Cabe mencionar que durante la sesi\u00f3n, senadores del PRI, PAN y MC se mostraron inconformes con la orden del d\u00eda para aprobar el dictamen, por lo que se retiraron de la sesi\u00f3n<\/p>\n","protected":false},"excerpt":{"rendered":"<p>[Redacci\u00f3n] Asegur\u00f3 que \u00e9l mand\u00f3 civil que pide la oposici\u00f3n ser\u00e1 aprobado, y quedar\u00e1 \u201ccompletamente civil de una vez que hayan transcurrido los cinco a\u00f1os que nosotros estamos proponiendo como grupo prioritario\u201d Ciudad de M\u00e9xico.- En comisiones del Senado avalaron por unanimidad el dictamen de la Guardia Nacional, por lo que la iniciativa pasa a [&hellip;]<\/p>\n","protected":false},"author":1,"featured_media":134460,"comment_status":"open","ping_status":"open","sticky":false,"template":"","format":"standard","meta":{"footnotes":""},"categories":[8],"tags":[],"class_list":["post-134459","post","type-post","status-publish","format-standard","has-post-thumbnail","hentry","category-pais","entry","has-media"],"jetpack_featured_media_url":"http:\/\/vertienteglobal.com\/wp-content\/uploads\/2019\/02\/Aprueban-en-comisiones-del-Senado-dictamen-de-la-Guardia-Nacional.jpg","_links":{"self":[{"href":"http:\/\/vertienteglobal.com\/index.php?rest_route=\/wp\/v2\/posts\/134459","targetHints":{"allow":["GET"]}}],"collection":[{"href":"http:\/\/vertienteglobal.com\/index.php?rest_route=\/wp\/v2\/posts"}],"about":[{"href":"http:\/\/vertienteglobal.com\/index.php?rest_route=\/wp\/v2\/types\/post"}],"author":[{"embeddable":true,"href":"http:\/\/vertienteglobal.com\/index.php?rest_route=\/wp\/v2\/users\/1"}],"replies":[{"embeddable":true,"href":"http:\/\/vertienteglobal.com\/index.php?rest_route=%2Fwp%2Fv2%2Fcomments&post=134459"}],"version-history":[{"count":0,"href":"http:\/\/vertienteglobal.com\/index.php?rest_route=\/wp\/v2\/posts\/134459\/revisions"}],"wp:featuredmedia":[{"embeddable":true,"href":"http:\/\/vertienteglobal.com\/index.php?rest_route=\/wp\/v2\/media\/134460"}],"wp:attachment":[{"href":"http:\/\/vertienteglobal.com\/index.php?rest_route=%2Fwp%2Fv2%2Fmedia&parent=134459"}],"wp:term":[{"taxonomy":"category","embeddable":true,"href":"http:\/\/vertienteglobal.com\/index.php?rest_route=%2Fwp%2Fv2%2Fcategories&post=134459"},{"taxonomy":"post_tag","embeddable":true,"href":"http:\/\/vertienteglobal.com\/index.php?rest_route=%2Fwp%2Fv2%2Ftags&post=134459"}],"curies":[{"name":"wp","href":"https:\/\/api.w.org\/{rel}","templated":true}]}}