{"id":134299,"date":"2019-02-15T13:40:50","date_gmt":"2019-02-15T19:40:50","guid":{"rendered":"http:\/\/vertienteglobal.com\/?p=134299"},"modified":"2019-02-17T09:22:57","modified_gmt":"2019-02-17T15:22:57","slug":"gobierno-del-estado-brinda-capacitacion-sin-costo-a-mipymes-yucatecas","status":"publish","type":"post","link":"http:\/\/vertienteglobal.com\/?p=134299","title":{"rendered":"Gobierno del Estado brinda capacitaci\u00f3n sin costo a Mipymes yucatecas"},"content":{"rendered":"\n<div class=\"twitterbutton\" style=\"float: right; padding-left: 5px;\"><a href=\"http:\/\/twitter.com\/share\" class=\"twitter-share-button\" data-count=\"horizontal\" data-text=\"Gobierno del Estado brinda capacitaci\u00f3n sin costo a Mipymes yucatecas\" data-via=\"https:\/\/twitter.com\/VertienteGloba1\" data-url=\"http:\/\/vertienteglobal.com\/?p=134299\" data-lang=\"es\" data-related=\"Informaci\u00f3n general:S\u00edguenos para que est\u00e9ss informado\"><\/a><\/div>\n<figure class=\"wp-block-image\"><img loading=\"lazy\" decoding=\"async\" width=\"600\" height=\"350\" src=\"http:\/\/vertienteglobal.com\/wp-content\/uploads\/2019\/02\/Mypimes-yucatan.jpg\" alt=\"\" class=\"wp-image-134300\" srcset=\"http:\/\/vertienteglobal.com\/wp-content\/uploads\/2019\/02\/Mypimes-yucatan.jpg 600w, http:\/\/vertienteglobal.com\/wp-content\/uploads\/2019\/02\/Mypimes-yucatan-150x88.jpg 150w, http:\/\/vertienteglobal.com\/wp-content\/uploads\/2019\/02\/Mypimes-yucatan-300x175.jpg 300w\" sizes=\"auto, (max-width: 600px) 100vw, 600px\" \/><\/figure>\n\n\n\n<p> [Redacci\u00f3n]<br> Con previo registro, pueden participar estudiantes, grandes empresas y cualquier interesado<br> M\u00e9rida, Yucat\u00e1n.- De manera gratuita, todos los mi\u00e9rcoles del a\u00f1o las micro, peque\u00f1as y medianas empresas (Mipymes) de la entidad reciben capacitaci\u00f3n en materia de desarrollo corporativo, como parte del programa de conferencias promovido por el Gobierno del Estado a trav\u00e9s de la Secretar\u00eda de Fomento Econ\u00f3mico y Trabajo (Sefoet).<br> Al dar detalles, la directora de Fortalecimiento Empresarial de la Sefoet, Mar\u00eda Fernanda Molina Patr\u00f3n, explic\u00f3 que el tema de febrero es comercio exterior y que en marzo ser\u00e1 atenci\u00f3n al cliente y liderazgo. Asimismo, apunt\u00f3 que esto se da como parte de las pol\u00edticas p\u00fablicas establecidas por el titular del Ejecutivo, Mauricio Vila Dosal, enfocadas al impulso de las Mipymes locales.<br> \u00abSe est\u00e1n tratando diferentes aspectos, agrup\u00e1ndolos por mes de acuerdo con la tem\u00e1tica. Aunque nuestro mercado meta son las Mipymes, pueden venir estudiantes, grandes empresas o cualquier persona que est\u00e9 interesada. \u00danicamente necesitan registrarse\u00bb, explic\u00f3.<br> Por otra parte, precis\u00f3 que \u00abla capacitaci\u00f3n es una de las principales actividades de la Direcci\u00f3n de Fortalecimiento Empresarial y la respuesta ha sido muy satisfactoria. La audiencia ha ido creciendo y hemos recibido muy buenos comentarios por parte de los asistentes\u00bb.<br> La funcionaria reiter\u00f3 la invitaci\u00f3n a participar en la conferencia \u00abOperaciones en Puerto Progreso y operaci\u00f3n aduanera\u00bb el pr\u00f3ximo mi\u00e9rcoles 20 y puso a disposici\u00f3n el tel\u00e9fono 930 37 30, extensi\u00f3n 29002, para quien requiera m\u00e1s informaci\u00f3n al respecto.<br> Asimismo, record\u00f3 que en enero se abord\u00f3 el tema del derecho laboral, para el cual se cont\u00f3 con la participaci\u00f3n de Ernesto Segovia Castellot, quien es director de Estrategias Laborales de Nande Consultores del Sureste.<\/p>\n\n\n\n<p>\u00abLos ponentes son gente especializada, calificada en la materia, que tienen el inter\u00e9s de prestar sus servicios a la comunidad y que est\u00e1n poniendo su tiempo y esfuerzo en elaborar los temas\u00bb, destac\u00f3.<br>\nPor su parte, Segovia Castellot dijo que trabaj\u00f3 con las empresas aspectos b\u00e1sicos desde la importancia de una solicitud de empleo, sus consecuencias legales y alcances jur\u00eddicos, hasta c\u00f3mo operar a partir de la Reforma Laboral de 2012, el desarrollo de contratos laborales y las jornadas individuales de trabajo, as\u00ed como el reglamento interno y las actas administrativas.<br>\n\u00abLas empresas, por peque\u00f1as o grandes que sean, necesitan de esta informaci\u00f3n para que puedan construir su negocio, cumpliendo con la ley y siendo al mismo tiempo, mucho m\u00e1s competitivas y productivas\u00bb, afirm\u00f3.<br>\nA\u00f1adi\u00f3 que es dif\u00edcil fomentar el crecimiento de los negocios si no es a trav\u00e9s del cumplimiento legal y la formalidad, lo que incluye el miedo a avanzar si existen violaciones a la ley, muchas de las cuales, en la iniciativa privada, se dan cuando se desatiende el rubro laboral.<br>\n\u00abEn Yucat\u00e1n veo un panorama muy alentador porque tenemos empresarios con \u00e1nimo de crecer y de emprender. Vemos un Gobierno tambi\u00e9n equilibrado, que reconoce la fuerza empresarial y que trabaja con ella. Este equilibrio es vital para el desarrollo de cualquier sociedad y aqu\u00ed es muy claro c\u00f3mo est\u00e1 trabajando la administraci\u00f3n p\u00fablica estatal con los empresarios\u00bb, concluy\u00f3.<\/p>\n","protected":false},"excerpt":{"rendered":"<p>[Redacci\u00f3n] Con previo registro, pueden participar estudiantes, grandes empresas y cualquier interesado M\u00e9rida, Yucat\u00e1n.- De manera gratuita, todos los mi\u00e9rcoles del a\u00f1o las micro, peque\u00f1as y medianas empresas (Mipymes) de la entidad reciben capacitaci\u00f3n en materia de desarrollo corporativo, como parte del programa de conferencias promovido por el Gobierno del Estado a trav\u00e9s de la [&hellip;]<\/p>\n","protected":false},"author":1,"featured_media":134300,"comment_status":"open","ping_status":"open","sticky":false,"template":"","format":"standard","meta":{"footnotes":""},"categories":[2],"tags":[],"class_list":["post-134299","post","type-post","status-publish","format-standard","has-post-thumbnail","hentry","category-yucatan","entry","has-media"],"jetpack_featured_media_url":"http:\/\/vertienteglobal.com\/wp-content\/uploads\/2019\/02\/Mypimes-yucatan.jpg","_links":{"self":[{"href":"http:\/\/vertienteglobal.com\/index.php?rest_route=\/wp\/v2\/posts\/134299","targetHints":{"allow":["GET"]}}],"collection":[{"href":"http:\/\/vertienteglobal.com\/index.php?rest_route=\/wp\/v2\/posts"}],"about":[{"href":"http:\/\/vertienteglobal.com\/index.php?rest_route=\/wp\/v2\/types\/post"}],"author":[{"embeddable":true,"href":"http:\/\/vertienteglobal.com\/index.php?rest_route=\/wp\/v2\/users\/1"}],"replies":[{"embeddable":true,"href":"http:\/\/vertienteglobal.com\/index.php?rest_route=%2Fwp%2Fv2%2Fcomments&post=134299"}],"version-history":[{"count":0,"href":"http:\/\/vertienteglobal.com\/index.php?rest_route=\/wp\/v2\/posts\/134299\/revisions"}],"wp:featuredmedia":[{"embeddable":true,"href":"http:\/\/vertienteglobal.com\/index.php?rest_route=\/wp\/v2\/media\/134300"}],"wp:attachment":[{"href":"http:\/\/vertienteglobal.com\/index.php?rest_route=%2Fwp%2Fv2%2Fmedia&parent=134299"}],"wp:term":[{"taxonomy":"category","embeddable":true,"href":"http:\/\/vertienteglobal.com\/index.php?rest_route=%2Fwp%2Fv2%2Fcategories&post=134299"},{"taxonomy":"post_tag","embeddable":true,"href":"http:\/\/vertienteglobal.com\/index.php?rest_route=%2Fwp%2Fv2%2Ftags&post=134299"}],"curies":[{"name":"wp","href":"https:\/\/api.w.org\/{rel}","templated":true}]}}