{"id":134252,"date":"2019-02-14T18:48:10","date_gmt":"2019-02-15T00:48:10","guid":{"rendered":"http:\/\/vertienteglobal.com\/?p=134252"},"modified":"2019-02-15T23:27:39","modified_gmt":"2019-02-16T05:27:39","slug":"se-dan-el-si-300-parejas-en-boda-colectiva-en-cancun","status":"publish","type":"post","link":"http:\/\/vertienteglobal.com\/?p=134252","title":{"rendered":"Se dan el S\u00cd 300 parejas en Boda Colectiva en Canc\u00fan"},"content":{"rendered":"\n<div class=\"twitterbutton\" style=\"float: right; padding-left: 5px;\"><a href=\"http:\/\/twitter.com\/share\" class=\"twitter-share-button\" data-count=\"horizontal\" data-text=\"Se dan el S\u00cd 300 parejas en Boda Colectiva en Canc\u00fan\" data-via=\"https:\/\/twitter.com\/VertienteGloba1\" data-url=\"http:\/\/vertienteglobal.com\/?p=134252\" data-lang=\"es\" data-related=\"Informaci\u00f3n general:S\u00edguenos para que est\u00e9ss informado\"><\/a><\/div>\n<figure class=\"wp-block-image\"><img loading=\"lazy\" decoding=\"async\" width=\"600\" height=\"390\" src=\"http:\/\/vertienteglobal.com\/wp-content\/uploads\/2019\/02\/Bodas-colectivas-en-cancun-2019.jpg\" alt=\"\" class=\"wp-image-134253\" srcset=\"http:\/\/vertienteglobal.com\/wp-content\/uploads\/2019\/02\/Bodas-colectivas-en-cancun-2019.jpg 600w, http:\/\/vertienteglobal.com\/wp-content\/uploads\/2019\/02\/Bodas-colectivas-en-cancun-2019-150x98.jpg 150w, http:\/\/vertienteglobal.com\/wp-content\/uploads\/2019\/02\/Bodas-colectivas-en-cancun-2019-300x195.jpg 300w\" sizes=\"auto, (max-width: 600px) 100vw, 600px\" \/><\/figure>\n\n\n\n<p> [Redacci\u00f3n]<br> El programa forma parte de las acciones de concientizaci\u00f3n y trabajo social para el desarrollo pleno y sostenible de la familia<br> Es un acto de reconocimiento a sus derechos y les da certeza jur\u00eddica en su relaci\u00f3n<br> Canc\u00fan, Quintana Roo.- El programa Bodas Colectivas forma parte de las acciones de concientizaci\u00f3n y trabajo social para el desarrollo pleno y sostenible de la familia; a trav\u00e9s del trabajo de promoci\u00f3n de los valores que preservan a la familia como n\u00facleo y columna de la sociedad, afirm\u00f3 la Presidente Municipal, Mara Lezama.<br> Al atestiguar el matrimonio civil de 300 parejas, la Primera Autoridad Municipal destac\u00f3 que esto es un acto de reconocimiento a sus derechos y les brinda certeza jur\u00eddica en su relaci\u00f3n.  <br> Se\u00f1al\u00f3 que en muchas ocasiones, el no formalizar legalmente una uni\u00f3n, ha generado graves consecuencias a las familias, al complicar el registro de beneficiarios o el derecho de sucesi\u00f3n.  <br> La convocatoria que abri\u00f3 el Sistema DIF Benito Ju\u00e1rez para las bodas colectivas tuvo una gran aceptaci\u00f3n y fue un tr\u00e1mite gratuito, indic\u00f3 Mara Lezama, tras exhortar a las parejas presentes que ahora que se consolidan legalmente como familias perdure la uni\u00f3n y el compromiso que adquirieron.<br> La uni\u00f3n conyugal tiene mucho que ver no s\u00f3lo como un acto de amor sino con la voluntad de las personas para unir sus vidas. Debe ser fruto de una relaci\u00f3n afectuosa y arm\u00f3nica, puntualiz\u00f3.<br> \u201cMe siento muy honrada que me hayan considerado para ser testigo de estas uniones, cuyo tr\u00e1mite fue totalmente gratuito\u201d, concluy\u00f3 la Edil al felicitar a las parejas por dar este paso tan importante en su vida, que se reflejar\u00e1 en muchos beneficios. <br> Posteriormente, se les invit\u00f3 a los reci\u00e9n casados a disfrutar de una cena-baile.<br> En el evento estuvieron presentes como testigos de honor de los contrayentes, el Gobernador del Estado, Carlos Joaqu\u00edn Gonz\u00e1lez y la se\u00f1ora Gabriela Rej\u00f3n de Joaqu\u00edn, Presidenta del Sistema de Desarrollo Integral de la Familia (DIF) Quintana Roo, as\u00ed como Lorena Sol\u00eds Gonz\u00e1lez, directora general del Sistema DIF Benito Ju\u00e1rez.<\/p>\n\n\n\n<figure class=\"wp-block-image\"><img loading=\"lazy\" decoding=\"async\" width=\"600\" height=\"360\" src=\"http:\/\/vertienteglobal.com\/wp-content\/uploads\/2019\/02\/cancun-bodas-colectivas-2019.jpg\" alt=\"\" class=\"wp-image-134254\" srcset=\"http:\/\/vertienteglobal.com\/wp-content\/uploads\/2019\/02\/cancun-bodas-colectivas-2019.jpg 600w, http:\/\/vertienteglobal.com\/wp-content\/uploads\/2019\/02\/cancun-bodas-colectivas-2019-150x90.jpg 150w, http:\/\/vertienteglobal.com\/wp-content\/uploads\/2019\/02\/cancun-bodas-colectivas-2019-300x180.jpg 300w\" sizes=\"auto, (max-width: 600px) 100vw, 600px\" \/><\/figure>\n","protected":false},"excerpt":{"rendered":"<p>[Redacci\u00f3n] El programa forma parte de las acciones de concientizaci\u00f3n y trabajo social para el desarrollo pleno y sostenible de la familia Es un acto de reconocimiento a sus derechos y les da certeza jur\u00eddica en su relaci\u00f3n Canc\u00fan, Quintana Roo.- El programa Bodas Colectivas forma parte de las acciones de concientizaci\u00f3n y trabajo social [&hellip;]<\/p>\n","protected":false},"author":1,"featured_media":134253,"comment_status":"open","ping_status":"open","sticky":false,"template":"","format":"standard","meta":{"footnotes":""},"categories":[3],"tags":[],"class_list":["post-134252","post","type-post","status-publish","format-standard","has-post-thumbnail","hentry","category-quintana-roo","entry","has-media"],"jetpack_featured_media_url":"http:\/\/vertienteglobal.com\/wp-content\/uploads\/2019\/02\/Bodas-colectivas-en-cancun-2019.jpg","_links":{"self":[{"href":"http:\/\/vertienteglobal.com\/index.php?rest_route=\/wp\/v2\/posts\/134252","targetHints":{"allow":["GET"]}}],"collection":[{"href":"http:\/\/vertienteglobal.com\/index.php?rest_route=\/wp\/v2\/posts"}],"about":[{"href":"http:\/\/vertienteglobal.com\/index.php?rest_route=\/wp\/v2\/types\/post"}],"author":[{"embeddable":true,"href":"http:\/\/vertienteglobal.com\/index.php?rest_route=\/wp\/v2\/users\/1"}],"replies":[{"embeddable":true,"href":"http:\/\/vertienteglobal.com\/index.php?rest_route=%2Fwp%2Fv2%2Fcomments&post=134252"}],"version-history":[{"count":0,"href":"http:\/\/vertienteglobal.com\/index.php?rest_route=\/wp\/v2\/posts\/134252\/revisions"}],"wp:featuredmedia":[{"embeddable":true,"href":"http:\/\/vertienteglobal.com\/index.php?rest_route=\/wp\/v2\/media\/134253"}],"wp:attachment":[{"href":"http:\/\/vertienteglobal.com\/index.php?rest_route=%2Fwp%2Fv2%2Fmedia&parent=134252"}],"wp:term":[{"taxonomy":"category","embeddable":true,"href":"http:\/\/vertienteglobal.com\/index.php?rest_route=%2Fwp%2Fv2%2Fcategories&post=134252"},{"taxonomy":"post_tag","embeddable":true,"href":"http:\/\/vertienteglobal.com\/index.php?rest_route=%2Fwp%2Fv2%2Ftags&post=134252"}],"curies":[{"name":"wp","href":"https:\/\/api.w.org\/{rel}","templated":true}]}}