{"id":133992,"date":"2019-02-11T00:24:50","date_gmt":"2019-02-11T06:24:50","guid":{"rendered":"http:\/\/vertienteglobal.com\/?p=133992"},"modified":"2019-02-10T23:23:19","modified_gmt":"2019-02-11T05:23:19","slug":"aseguran-que-el-14-de-febrero-es-cuando-mas-se-venden-preservativos","status":"publish","type":"post","link":"http:\/\/vertienteglobal.com\/?p=133992","title":{"rendered":"Aseguran que el 14 de febrero es cuando m\u00e1s se venden preservativos"},"content":{"rendered":"\n<div class=\"twitterbutton\" style=\"float: right; padding-left: 5px;\"><a href=\"http:\/\/twitter.com\/share\" class=\"twitter-share-button\" data-count=\"horizontal\" data-text=\"Aseguran que el 14 de febrero es cuando m\u00e1s se venden preservativos\" data-via=\"https:\/\/twitter.com\/VertienteGloba1\" data-url=\"http:\/\/vertienteglobal.com\/?p=133992\" data-lang=\"es\" data-related=\"Informaci\u00f3n general:S\u00edguenos para que est\u00e9ss informado\"><\/a><\/div>\n<figure class=\"wp-block-image\"><img loading=\"lazy\" decoding=\"async\" width=\"600\" height=\"332\" src=\"http:\/\/vertienteglobal.com\/wp-content\/uploads\/2019\/02\/Aseguran-que-el-14-de-febrero-es-cuando-m\u00e1s-se-venden-preservativos.jpg\" alt=\"\" class=\"wp-image-133993\" srcset=\"http:\/\/vertienteglobal.com\/wp-content\/uploads\/2019\/02\/Aseguran-que-el-14-de-febrero-es-cuando-m\u00e1s-se-venden-preservativos.jpg 600w, http:\/\/vertienteglobal.com\/wp-content\/uploads\/2019\/02\/Aseguran-que-el-14-de-febrero-es-cuando-m\u00e1s-se-venden-preservativos-150x83.jpg 150w, http:\/\/vertienteglobal.com\/wp-content\/uploads\/2019\/02\/Aseguran-que-el-14-de-febrero-es-cuando-m\u00e1s-se-venden-preservativos-300x166.jpg 300w\" sizes=\"auto, (max-width: 600px) 100vw, 600px\" \/><\/figure>\n\n\n\n<p> [Redacci\u00f3n]<br> Detall\u00f3 que se registra un aumento en la demanda desde el 13 de febrero, la mayor venta de preservativos ocurre el 14 de febrero, pero el alto desplazamiento de este producto en tiendas y farmacias comienza desde el 12 y culmina el 16 de febrero<br> Ciudad de M\u00e9xico.- Si bien las parejas no requieren una fecha especial para demostrarse su amor, febrero es el mes con mayor incremento en las reservaciones de restaurantes, hoteles, el consumo de flores, chocolates y tambi\u00e9n de preservativos, destac\u00f3 la compa\u00f1\u00eda ByPrice.<br> Y es que para la ciencia, amar con el hipot\u00e1lamo es lo m\u00e1s real y fidedigno que hay, aunque el cr\u00e9dito se lo lleve el coraz\u00f3n, pero lo cierto es que la qu\u00edmica y los mecanismos implicados en el amor no s\u00f3lo nublan el juicio y la raz\u00f3n de una persona enamorada, sino que adem\u00e1s contribuyen a la econom\u00eda de un pa\u00eds.<br> En un comunicado, la plataforma que compara precios en tiempo real destac\u00f3 as\u00ed que con la celebraci\u00f3n del d\u00eda de San Valent\u00edn, la venta de condones registra un crecimiento de entre 15 y 30 por ciento.<br> Detall\u00f3 que se registra un aumento en la demanda desde el 13 de febrero, la mayor venta de preservativos ocurre el 14 de febrero, pero el alto desplazamiento de este producto en tiendas y farmacias comienza desde el 12 y culmina el 16 de febrero.<br> Asimismo, prev\u00e9 que este a\u00f1o el valor del mercado de los preservativos a nivel global ser\u00e1 de siete mil 970 millones de d\u00f3lares, y que para 2023 alcance un valor de 11 mil 100 millones de d\u00f3lares, es decir, un crecimiento de 39.2 por ciento en 4 a\u00f1os.<br> Mientras que en M\u00e9xico la industria farmac\u00e9utica registra un total de 150 millones de preservativos vendidos cada a\u00f1o, en donde se estima que el uso per c\u00e1pita de condones pase de 0.5 unidades en 2007 a 4.5 para este a\u00f1o.<br> En cuanto al precio, la firma identific\u00f3 una variaci\u00f3n entre los diferentes establecimientos, es decir, previo al 14 increment\u00f3 ligeramente el costo de algunas marcas de condones, aunque despu\u00e9s determinados retailers ofrecen descuentos a los consumidores.<br> ByPrice subray\u00f3 que el a\u00f1o pasado, antes del D\u00eda de San Valent\u00edn, increment\u00f3 el inter\u00e9s por las palabras cond\u00f3n y preservativo en internet; el cl\u00edmax de b\u00fasqueda fue el 13 de febrero y el descenso ocurri\u00f3 justo al terminar el d\u00eda festivo, para luego repuntar ligeramente el 16 de febrero.<br> De acuerdo con el Instituto Mexicano de la Juventud, 89 por ciento de los j\u00f3venes con vida sexual activa aumenta de manera importante en el grupo de 25 a 29 a\u00f1os, sin embargo, entre las principales causas por las que deciden no usar preservativo destaca el precio y la verg\u00fcenza por ir a comprarlos personalmente al punto de venta.<\/p>\n","protected":false},"excerpt":{"rendered":"<p>[Redacci\u00f3n] Detall\u00f3 que se registra un aumento en la demanda desde el 13 de febrero, la mayor venta de preservativos ocurre el 14 de febrero, pero el alto desplazamiento de este producto en tiendas y farmacias comienza desde el 12 y culmina el 16 de febrero Ciudad de M\u00e9xico.- Si bien las parejas no requieren [&hellip;]<\/p>\n","protected":false},"author":1,"featured_media":133993,"comment_status":"open","ping_status":"open","sticky":false,"template":"","format":"standard","meta":{"footnotes":""},"categories":[8],"tags":[],"class_list":["post-133992","post","type-post","status-publish","format-standard","has-post-thumbnail","hentry","category-pais","entry","has-media"],"jetpack_featured_media_url":"http:\/\/vertienteglobal.com\/wp-content\/uploads\/2019\/02\/Aseguran-que-el-14-de-febrero-es-cuando-m\u00e1s-se-venden-preservativos.jpg","_links":{"self":[{"href":"http:\/\/vertienteglobal.com\/index.php?rest_route=\/wp\/v2\/posts\/133992","targetHints":{"allow":["GET"]}}],"collection":[{"href":"http:\/\/vertienteglobal.com\/index.php?rest_route=\/wp\/v2\/posts"}],"about":[{"href":"http:\/\/vertienteglobal.com\/index.php?rest_route=\/wp\/v2\/types\/post"}],"author":[{"embeddable":true,"href":"http:\/\/vertienteglobal.com\/index.php?rest_route=\/wp\/v2\/users\/1"}],"replies":[{"embeddable":true,"href":"http:\/\/vertienteglobal.com\/index.php?rest_route=%2Fwp%2Fv2%2Fcomments&post=133992"}],"version-history":[{"count":0,"href":"http:\/\/vertienteglobal.com\/index.php?rest_route=\/wp\/v2\/posts\/133992\/revisions"}],"wp:featuredmedia":[{"embeddable":true,"href":"http:\/\/vertienteglobal.com\/index.php?rest_route=\/wp\/v2\/media\/133993"}],"wp:attachment":[{"href":"http:\/\/vertienteglobal.com\/index.php?rest_route=%2Fwp%2Fv2%2Fmedia&parent=133992"}],"wp:term":[{"taxonomy":"category","embeddable":true,"href":"http:\/\/vertienteglobal.com\/index.php?rest_route=%2Fwp%2Fv2%2Fcategories&post=133992"},{"taxonomy":"post_tag","embeddable":true,"href":"http:\/\/vertienteglobal.com\/index.php?rest_route=%2Fwp%2Fv2%2Ftags&post=133992"}],"curies":[{"name":"wp","href":"https:\/\/api.w.org\/{rel}","templated":true}]}}