{"id":133981,"date":"2019-02-10T21:50:28","date_gmt":"2019-02-11T03:50:28","guid":{"rendered":"http:\/\/vertienteglobal.com\/?p=133981"},"modified":"2019-02-10T23:13:52","modified_gmt":"2019-02-11T05:13:52","slug":"luis-miguel-gana-el-grammy-por-mejor-album-regional-mexicano","status":"publish","type":"post","link":"http:\/\/vertienteglobal.com\/?p=133981","title":{"rendered":"Luis Miguel gana el Grammy por Mejor \u00c1lbum Regional Mexicano"},"content":{"rendered":"\n<div class=\"twitterbutton\" style=\"float: right; padding-left: 5px;\"><a href=\"http:\/\/twitter.com\/share\" class=\"twitter-share-button\" data-count=\"horizontal\" data-text=\"Luis Miguel gana el Grammy por Mejor \u00c1lbum Regional Mexicano\" data-via=\"https:\/\/twitter.com\/VertienteGloba1\" data-url=\"http:\/\/vertienteglobal.com\/?p=133981\" data-lang=\"es\" data-related=\"Informaci\u00f3n general:S\u00edguenos para que est\u00e9ss informado\"><\/a><\/div>\n<figure class=\"wp-block-image\"><img loading=\"lazy\" decoding=\"async\" width=\"600\" height=\"357\" src=\"http:\/\/vertienteglobal.com\/wp-content\/uploads\/2019\/02\/Luis-Miguel-gana-el-Grammy-por-Mejor-\u00c1lbum-Regional-Mexicano.jpg\" alt=\"\" class=\"wp-image-133982\" srcset=\"http:\/\/vertienteglobal.com\/wp-content\/uploads\/2019\/02\/Luis-Miguel-gana-el-Grammy-por-Mejor-\u00c1lbum-Regional-Mexicano.jpg 600w, http:\/\/vertienteglobal.com\/wp-content\/uploads\/2019\/02\/Luis-Miguel-gana-el-Grammy-por-Mejor-\u00c1lbum-Regional-Mexicano-150x89.jpg 150w, http:\/\/vertienteglobal.com\/wp-content\/uploads\/2019\/02\/Luis-Miguel-gana-el-Grammy-por-Mejor-\u00c1lbum-Regional-Mexicano-300x179.jpg 300w\" sizes=\"auto, (max-width: 600px) 100vw, 600px\" \/><\/figure>\n\n\n\n<p> [Redacci\u00f3n]<\/p>\n\n\n\n<p>Es el sexto que obtiene en su carrera; hace 14 a\u00f1os que no recib\u00eda ese premio<br> Ciudad de M\u00e9xico.- El cantante mexicano Luis Miguel gan\u00f3 el premio Grammy en la categor\u00eda \u00c1lbum Regional Mexicano por \u201c\u00a1M\u00e9xico por siempre!\u201d, tras 14 a\u00f1os de no haber conseguido ese reconocimiento.<br> Y es que en las redes sociales se dio a conocer que \u201cEl Sol\u201d no asisti\u00f3 a la gala que se realiza de manera previa a la ceremonia oficial, por lo que escribi\u00f3 en sus redes sociales: \u201cMuy agradecido con @RecordingAcad por este reconocimiento para #M\u00e9xicoPorSiempre como \u201cMejor \u00c1lbum de M\u00fasica Regional Mexicana\u201d.<br> En noviembre pasado el afamado int\u00e9rprete recibi\u00f3 el Grammy Latino por esta misma producci\u00f3n, pero recibi\u00f3 abucheos por no asistir a recogerlo.<br> Se trata del sexto Grammy americano que recibe el cantante de 48 a\u00f1os en sus 37 a\u00f1os de trayectoria musical.<\/p>\n","protected":false},"excerpt":{"rendered":"<p>[Redacci\u00f3n] Es el sexto que obtiene en su carrera; hace 14 a\u00f1os que no recib\u00eda ese premio Ciudad de M\u00e9xico.- El cantante mexicano Luis Miguel gan\u00f3 el premio Grammy en la categor\u00eda \u00c1lbum Regional Mexicano por \u201c\u00a1M\u00e9xico por siempre!\u201d, tras 14 a\u00f1os de no haber conseguido ese reconocimiento. Y es que en las redes sociales [&hellip;]<\/p>\n","protected":false},"author":1,"featured_media":133982,"comment_status":"open","ping_status":"open","sticky":false,"template":"","format":"standard","meta":{"footnotes":""},"categories":[10],"tags":[],"class_list":["post-133981","post","type-post","status-publish","format-standard","has-post-thumbnail","hentry","category-espectaculos","entry","has-media"],"jetpack_featured_media_url":"http:\/\/vertienteglobal.com\/wp-content\/uploads\/2019\/02\/Luis-Miguel-gana-el-Grammy-por-Mejor-\u00c1lbum-Regional-Mexicano.jpg","_links":{"self":[{"href":"http:\/\/vertienteglobal.com\/index.php?rest_route=\/wp\/v2\/posts\/133981","targetHints":{"allow":["GET"]}}],"collection":[{"href":"http:\/\/vertienteglobal.com\/index.php?rest_route=\/wp\/v2\/posts"}],"about":[{"href":"http:\/\/vertienteglobal.com\/index.php?rest_route=\/wp\/v2\/types\/post"}],"author":[{"embeddable":true,"href":"http:\/\/vertienteglobal.com\/index.php?rest_route=\/wp\/v2\/users\/1"}],"replies":[{"embeddable":true,"href":"http:\/\/vertienteglobal.com\/index.php?rest_route=%2Fwp%2Fv2%2Fcomments&post=133981"}],"version-history":[{"count":0,"href":"http:\/\/vertienteglobal.com\/index.php?rest_route=\/wp\/v2\/posts\/133981\/revisions"}],"wp:featuredmedia":[{"embeddable":true,"href":"http:\/\/vertienteglobal.com\/index.php?rest_route=\/wp\/v2\/media\/133982"}],"wp:attachment":[{"href":"http:\/\/vertienteglobal.com\/index.php?rest_route=%2Fwp%2Fv2%2Fmedia&parent=133981"}],"wp:term":[{"taxonomy":"category","embeddable":true,"href":"http:\/\/vertienteglobal.com\/index.php?rest_route=%2Fwp%2Fv2%2Fcategories&post=133981"},{"taxonomy":"post_tag","embeddable":true,"href":"http:\/\/vertienteglobal.com\/index.php?rest_route=%2Fwp%2Fv2%2Ftags&post=133981"}],"curies":[{"name":"wp","href":"https:\/\/api.w.org\/{rel}","templated":true}]}}