{"id":133894,"date":"2019-02-09T14:43:38","date_gmt":"2019-02-09T20:43:38","guid":{"rendered":"http:\/\/vertienteglobal.com\/?p=133894"},"modified":"2019-02-10T10:24:52","modified_gmt":"2019-02-10T16:24:52","slug":"abren-laboratorio-de-fabricacion-digital-en-yucatan","status":"publish","type":"post","link":"http:\/\/vertienteglobal.com\/?p=133894","title":{"rendered":"Abren Laboratorio de Fabricaci\u00f3n Digital en Yucat\u00e1n"},"content":{"rendered":"\n<div class=\"twitterbutton\" style=\"float: right; padding-left: 5px;\"><a href=\"http:\/\/twitter.com\/share\" class=\"twitter-share-button\" data-count=\"horizontal\" data-text=\"Abren Laboratorio de Fabricaci\u00f3n Digital en Yucat\u00e1n\" data-via=\"https:\/\/twitter.com\/VertienteGloba1\" data-url=\"http:\/\/vertienteglobal.com\/?p=133894\" data-lang=\"es\" data-related=\"Informaci\u00f3n general:S\u00edguenos para que est\u00e9ss informado\"><\/a><\/div>\n<figure class=\"wp-block-image\"><img loading=\"lazy\" decoding=\"async\" width=\"600\" height=\"380\" src=\"http:\/\/vertienteglobal.com\/wp-content\/uploads\/2019\/02\/Abren-Laboratorio-de-Fabricaci\u00f3n-Digital-en-Yucat\u00e1n.jpg\" alt=\"\" class=\"wp-image-133895\" srcset=\"http:\/\/vertienteglobal.com\/wp-content\/uploads\/2019\/02\/Abren-Laboratorio-de-Fabricaci\u00f3n-Digital-en-Yucat\u00e1n.jpg 600w, http:\/\/vertienteglobal.com\/wp-content\/uploads\/2019\/02\/Abren-Laboratorio-de-Fabricaci\u00f3n-Digital-en-Yucat\u00e1n-150x95.jpg 150w, http:\/\/vertienteglobal.com\/wp-content\/uploads\/2019\/02\/Abren-Laboratorio-de-Fabricaci\u00f3n-Digital-en-Yucat\u00e1n-300x190.jpg 300w\" sizes=\"auto, (max-width: 600px) 100vw, 600px\" \/><\/figure>\n\n\n\n<p> [Redacci\u00f3n]<br> Emprendedores tendr\u00e1n contacto directo con las ideas y la productividad que se est\u00e1n generando alrededor del mundo<br> M\u00e9rida, Yucat\u00e1n.- El estado de Yucat\u00e1n se coloca a la vanguardia en innovaci\u00f3n, al convertirse en el primer estado del pa\u00eds en contar con un Laboratorio de Fabricaci\u00f3n Digital (Fab Lab) promovido y operado por un Gobierno estatal, que pone a disposici\u00f3n de los j\u00f3venes emprendedores herramientas tecnol\u00f3gicas utilizadas alrededor del mundo para afrontar los retos del mercado y crear productos con mayor valor agregado.<br> De lo que se trata es crear un ambiente en el cual las empresas innovadoras y los emprendedores encuentren buenas oportunidades para crecer y participar activamente en la din\u00e1mica econ\u00f3mica del estado. Con estas acciones se contribuye a fortalecer la ruta de innovaci\u00f3n y de emprendimiento que se necesita para transformar a la entidad.<br> Durante el evento, el Gobernador Mauricio Vila Dosal y la coordinadora de la Red Latinoam\u00e9rica de Fab Labs, Norella Coronell, encabezaron la acreditaci\u00f3n del Centro de Investigaci\u00f3n y Experimentaci\u00f3n Tecnol\u00f3gica del Instituto Yucateco de Emprendedores (IYEM) como parte de la Red Fab Lab y el inicio de operaciones del Fab Lab m\u00f3vil, espacio itinerante que permitir\u00e1 acercar a todos los rincones del territorio los procesos de creaci\u00f3n y consolidaci\u00f3n de ideas.<br> El titular del Poder Ejecutivo indic\u00f3 que su administraci\u00f3n le est\u00e1 apostando a la tecnolog\u00eda y la conectividad, dos de los motores para el desarrollo de la comunidad, y est\u00e1 trabajando en la creaci\u00f3n de las condiciones y oportunidades para que todos los yucatecos tengan acceso a ello.<br> \u00abSin duda alguna, uno de esos motores son los laboratorios de fabricaci\u00f3n digital, porque permiten abrir una gran ventana para que Yucat\u00e1n tenga contacto y acceso directo con las ideas y la productividad que se est\u00e1n generando alrededor del mundo\u00bb, agreg\u00f3 ante el director del IYEM, Antonio Gonz\u00e1lez Blanco, el diputado Luis Mar\u00eda Aguilar Castillo y la c\u00f3nsul de Estados Unidos, Courtney Beale.<br> Tras reiterar que el potencial de la entidad requiere de las condiciones para desarrollarse y de apoyos que permitan consolidar proyectos de emprendimiento, especialmente entre los j\u00f3venes, el Gobernador record\u00f3 que en d\u00edas anteriores anunci\u00f3 que 7 empresas internacionales, nacionales y locales invertir\u00e1n a mediano plazo cerca de 5,542 millones de pesos, lo que significar\u00e1 la creaci\u00f3n de m\u00e1s de 10,570 empleos directos y 34,700 indirectos, principalmente en el interior del estado.<br> En ese marco, el mandatario tambi\u00e9n firm\u00f3 un acuerdo de entendimiento con la presidenta de la Asociaci\u00f3n Civil FabCity Yucat\u00e1n, Ileana Cer\u00f3n Palma, para una estrategia conjunta hacia Yucat\u00e1n Regi\u00f3n Fab City, cuyo objetivo es articular y crear una agenda que consolide al estado como una zona de desarrollo tecnol\u00f3gico, conectando a los 106 municipios con una visi\u00f3n compartida de producci\u00f3n local y bienestar com\u00fan y sostenible, que responda a retos compartidos en materia de educaci\u00f3n, vivienda, cuidado al medio ambiente, entre otros.<br> En el evento, se inform\u00f3 que el Fab Lab del IYEM se caracterizar\u00e1 por apostarle a la educaci\u00f3n, impulsando talleres y espacio para los infantes que desde temprana edad tengan inter\u00e9s por trabajar de la mano con la invenci\u00f3n como herramienta de la transformaci\u00f3n social y promover\u00e1 que las pr\u00f3ximas generaciones de j\u00f3venes y adultos tengan el conocimiento necesario en la materia.<br> Mientras que el Fab Lab M\u00f3vil permitir\u00e1, entre otras cosas, llevar a los habitantes de los municipios del interior del estado la oportunidad de trabajar con la tecnolog\u00eda e innovaci\u00f3n que se genera en el estado mediante cursos de rob\u00f3tica, animaci\u00f3n 2D y Stop Motion.<br> Al hacer uso de la palabra, Norella Coronell destac\u00f3 el inter\u00e9s del Gobierno del Estado por conjuntar los esfuerzos para impulsar iniciativas innovadoras como una manera de aprender y generar econom\u00edas alternativas, inclusivas y m\u00e1s justas.<br> \u00abEl fin de sumar a Yucat\u00e1n como una Regi\u00f3n Fab City es conectar a todos sus municipios a trav\u00e9s del conocimiento y las plataformas comunes que se tienen en el mundo, de forma que se coloque a los ciudadanos por encima de la tecnolog\u00eda, como abanderados del desarrollo\u00bb, finaliz\u00f3.<\/p>\n","protected":false},"excerpt":{"rendered":"<p>[Redacci\u00f3n] Emprendedores tendr\u00e1n contacto directo con las ideas y la productividad que se est\u00e1n generando alrededor del mundo M\u00e9rida, Yucat\u00e1n.- El estado de Yucat\u00e1n se coloca a la vanguardia en innovaci\u00f3n, al convertirse en el primer estado del pa\u00eds en contar con un Laboratorio de Fabricaci\u00f3n Digital (Fab Lab) promovido y operado por un Gobierno [&hellip;]<\/p>\n","protected":false},"author":1,"featured_media":133895,"comment_status":"open","ping_status":"open","sticky":false,"template":"","format":"standard","meta":{"footnotes":""},"categories":[2],"tags":[],"class_list":["post-133894","post","type-post","status-publish","format-standard","has-post-thumbnail","hentry","category-yucatan","entry","has-media"],"jetpack_featured_media_url":"http:\/\/vertienteglobal.com\/wp-content\/uploads\/2019\/02\/Abren-Laboratorio-de-Fabricaci\u00f3n-Digital-en-Yucat\u00e1n.jpg","_links":{"self":[{"href":"http:\/\/vertienteglobal.com\/index.php?rest_route=\/wp\/v2\/posts\/133894","targetHints":{"allow":["GET"]}}],"collection":[{"href":"http:\/\/vertienteglobal.com\/index.php?rest_route=\/wp\/v2\/posts"}],"about":[{"href":"http:\/\/vertienteglobal.com\/index.php?rest_route=\/wp\/v2\/types\/post"}],"author":[{"embeddable":true,"href":"http:\/\/vertienteglobal.com\/index.php?rest_route=\/wp\/v2\/users\/1"}],"replies":[{"embeddable":true,"href":"http:\/\/vertienteglobal.com\/index.php?rest_route=%2Fwp%2Fv2%2Fcomments&post=133894"}],"version-history":[{"count":0,"href":"http:\/\/vertienteglobal.com\/index.php?rest_route=\/wp\/v2\/posts\/133894\/revisions"}],"wp:featuredmedia":[{"embeddable":true,"href":"http:\/\/vertienteglobal.com\/index.php?rest_route=\/wp\/v2\/media\/133895"}],"wp:attachment":[{"href":"http:\/\/vertienteglobal.com\/index.php?rest_route=%2Fwp%2Fv2%2Fmedia&parent=133894"}],"wp:term":[{"taxonomy":"category","embeddable":true,"href":"http:\/\/vertienteglobal.com\/index.php?rest_route=%2Fwp%2Fv2%2Fcategories&post=133894"},{"taxonomy":"post_tag","embeddable":true,"href":"http:\/\/vertienteglobal.com\/index.php?rest_route=%2Fwp%2Fv2%2Ftags&post=133894"}],"curies":[{"name":"wp","href":"https:\/\/api.w.org\/{rel}","templated":true}]}}