{"id":133297,"date":"2019-01-29T16:33:39","date_gmt":"2019-01-29T22:33:39","guid":{"rendered":"http:\/\/vertienteglobal.com\/?p=133297"},"modified":"2019-01-29T19:24:48","modified_gmt":"2019-01-30T01:24:48","slug":"campeche-sera-sede-de-reunion-nacional-del-conalep","status":"publish","type":"post","link":"http:\/\/vertienteglobal.com\/?p=133297","title":{"rendered":"Campeche ser\u00e1 sede de reuni\u00f3n nacional del CONALEP"},"content":{"rendered":"\n<div class=\"twitterbutton\" style=\"float: right; padding-left: 5px;\"><a href=\"http:\/\/twitter.com\/share\" class=\"twitter-share-button\" data-count=\"horizontal\" data-text=\"Campeche ser\u00e1 sede de reuni\u00f3n nacional del CONALEP\" data-via=\"https:\/\/twitter.com\/VertienteGloba1\" data-url=\"http:\/\/vertienteglobal.com\/?p=133297\" data-lang=\"es\" data-related=\"Informaci\u00f3n general:S\u00edguenos para que est\u00e9ss informado\"><\/a><\/div>\n<figure class=\"wp-block-image\"><img loading=\"lazy\" decoding=\"async\" width=\"600\" height=\"391\" src=\"http:\/\/vertienteglobal.com\/wp-content\/uploads\/2019\/01\/conferencia-alejandrina-conalep.jpg\" alt=\"\" class=\"wp-image-133298\" srcset=\"http:\/\/vertienteglobal.com\/wp-content\/uploads\/2019\/01\/conferencia-alejandrina-conalep.jpg 600w, http:\/\/vertienteglobal.com\/wp-content\/uploads\/2019\/01\/conferencia-alejandrina-conalep-150x98.jpg 150w, http:\/\/vertienteglobal.com\/wp-content\/uploads\/2019\/01\/conferencia-alejandrina-conalep-300x196.jpg 300w\" sizes=\"auto, (max-width: 600px) 100vw, 600px\" \/><\/figure>\n\n\n\n<p> [Redacci\u00f3n]<br> Destac\u00f3 se trata de la reuni\u00f3n n\u00famero 34 y en la que se contar\u00e1 con la presencia de representantes del sector empresarial nacional y local, entre otros<br> San Francisco de Campeche, Campeche.- El estado de Campeche ser\u00e1 sede de la XXXIV Reuni\u00f3n Nacional de Directores Generales de Colegios Estatales, programado para los d\u00edas 31 de enero y 1 de febrero pr\u00f3ximos, en los que se espera conocer los lineamientos de pol\u00edticas educativas nacionales para los 308 planteles del Consejo Nacional de Educaci\u00f3n P\u00fablica (Conalep), evento que presidir\u00e1 su director general, Enrique Ku Herrera, inform\u00f3 Alejandrina Moreno Barona, directora del Colegio de Educaci\u00f3n Profesional T\u00e9cnica en Campeche, quien destac\u00f3 la instituci\u00f3n ha logrado disminuir el \u00edndice de reprobaci\u00f3n de sus educandos, casi en un 50 por ciento.<br> Y es que en conferencia de prensa en el Sal\u00f3n de Gobernadores de Palacio de Gobierno, Moreno Barona, destac\u00f3 la importancia de la pr\u00f3xima reuni\u00f3n nacional de directores de los Colegios Estatales, en la que se espera conocer las directrices y pol\u00edticas de la nueva administraci\u00f3n del Conalep, en los cinco ejes rectores con que opera como son investigaci\u00f3n, formaci\u00f3n, innovaci\u00f3n, comunicaci\u00f3n efectiva y renovaci\u00f3n, adem\u00e1s de las perspectivas de la instituci\u00f3n para los pr\u00f3ximos seis a\u00f1os \u201ccomo detonante del impulso institucional\u201d.<br> Destac\u00f3 se trata de la reuni\u00f3n n\u00famero 34 y en la que se contar\u00e1 con la presencia de representantes del sector empresarial nacional y local, entre otros.<br> Por lo que respecta a los avances en materia educativa del Conalep Campeche, se\u00f1al\u00f3 cuenta con tres planteles, ubicados en los municipios de Campeche, Carmen y Calkin\u00ed, con una matr\u00edcula estatal de un mil 896 alumnos, que reciben atenci\u00f3n de 104 docentes, que representa un crecimiento del 4.8 por ciento con respecto al ciclo anterior, que era de un mil 809 alumnos inscritos.<br> Finalmente, destac\u00f3 se mejor\u00f3 la eficiencia terminal en un 3.24 por ciento entre los ciclos 2015-2016 y 2017-2018, adem\u00e1s de disminuir el \u00edndice de reprobaci\u00f3n a pasar de 9.31 puntos porcentuales a 4.64 por ciento, es decir, casi el 50 por ciento menos de alumnos reprobados.<\/p>\n","protected":false},"excerpt":{"rendered":"<p>[Redacci\u00f3n] Destac\u00f3 se trata de la reuni\u00f3n n\u00famero 34 y en la que se contar\u00e1 con la presencia de representantes del sector empresarial nacional y local, entre otros San Francisco de Campeche, Campeche.- El estado de Campeche ser\u00e1 sede de la XXXIV Reuni\u00f3n Nacional de Directores Generales de Colegios Estatales, programado para los d\u00edas 31 [&hellip;]<\/p>\n","protected":false},"author":1,"featured_media":133298,"comment_status":"open","ping_status":"open","sticky":false,"template":"","format":"standard","meta":{"footnotes":""},"categories":[4,9],"tags":[],"class_list":["post-133297","post","type-post","status-publish","format-standard","has-post-thumbnail","hentry","category-campeche","category-educacion","entry","has-media"],"jetpack_featured_media_url":"http:\/\/vertienteglobal.com\/wp-content\/uploads\/2019\/01\/conferencia-alejandrina-conalep.jpg","_links":{"self":[{"href":"http:\/\/vertienteglobal.com\/index.php?rest_route=\/wp\/v2\/posts\/133297","targetHints":{"allow":["GET"]}}],"collection":[{"href":"http:\/\/vertienteglobal.com\/index.php?rest_route=\/wp\/v2\/posts"}],"about":[{"href":"http:\/\/vertienteglobal.com\/index.php?rest_route=\/wp\/v2\/types\/post"}],"author":[{"embeddable":true,"href":"http:\/\/vertienteglobal.com\/index.php?rest_route=\/wp\/v2\/users\/1"}],"replies":[{"embeddable":true,"href":"http:\/\/vertienteglobal.com\/index.php?rest_route=%2Fwp%2Fv2%2Fcomments&post=133297"}],"version-history":[{"count":0,"href":"http:\/\/vertienteglobal.com\/index.php?rest_route=\/wp\/v2\/posts\/133297\/revisions"}],"wp:featuredmedia":[{"embeddable":true,"href":"http:\/\/vertienteglobal.com\/index.php?rest_route=\/wp\/v2\/media\/133298"}],"wp:attachment":[{"href":"http:\/\/vertienteglobal.com\/index.php?rest_route=%2Fwp%2Fv2%2Fmedia&parent=133297"}],"wp:term":[{"taxonomy":"category","embeddable":true,"href":"http:\/\/vertienteglobal.com\/index.php?rest_route=%2Fwp%2Fv2%2Fcategories&post=133297"},{"taxonomy":"post_tag","embeddable":true,"href":"http:\/\/vertienteglobal.com\/index.php?rest_route=%2Fwp%2Fv2%2Ftags&post=133297"}],"curies":[{"name":"wp","href":"https:\/\/api.w.org\/{rel}","templated":true}]}}